{"id":986,"date":"2020-02-14T23:59:00","date_gmt":"2020-02-14T22:59:00","guid":{"rendered":"http:\/\/www.simonefornara.com\/?p=986"},"modified":"2020-02-25T20:07:07","modified_gmt":"2020-02-25T19:07:07","slug":"100-gianni-rodari","status":"publish","type":"post","link":"https:\/\/www.simonefornara.com\/?p=986","title":{"rendered":"100 Gianni Rodari"},"content":{"rendered":"\n<div class=\"wp-block-image\"><figure class=\"alignleft size-large is-resized\"><img loading=\"lazy\" src=\"https:\/\/www.simonefornara.com\/wp-content\/uploads\/2020\/02\/2020_100Rodari-1024x941.png\" alt=\"\" class=\"wp-image-987\" width=\"310\" height=\"284\" srcset=\"https:\/\/www.simonefornara.com\/wp-content\/uploads\/2020\/02\/2020_100Rodari-1024x941.png 1024w, https:\/\/www.simonefornara.com\/wp-content\/uploads\/2020\/02\/2020_100Rodari-300x276.png 300w, https:\/\/www.simonefornara.com\/wp-content\/uploads\/2020\/02\/2020_100Rodari-768x706.png 768w, https:\/\/www.simonefornara.com\/wp-content\/uploads\/2020\/02\/2020_100Rodari-600x551.png 600w, https:\/\/www.simonefornara.com\/wp-content\/uploads\/2020\/02\/2020_100Rodari.png 1256w\" sizes=\"(max-width: 310px) 100vw, 310px\" \/><\/figure><\/div>\n\n\n\n<p>Il 2020 \u00e8 l&#8217;anno del centenario della nascita di Gianni Rodari (1920-1980), il pi\u00f9 grande narratore italiano per ragazzi di ogni tempo. Moltissime saranno le iniziative che ricorderanno la sua figura e la sua opera, da tantissimi punti di vista. Fra queste, merita una menzione il ricchissimo programma ideato dal Comune di Omegna, la citt\u00e0 natale del &#8220;favoloso&#8221; Gianni.<\/p>\n\n\n\n<p>Il programma \u00e8 stato presentato al pubblico la sera del 14 febbraio 2020, in un auditorium del Forum gremitissimo.<\/p>\n\n\n\n<p><a href=\"https:\/\/www.rodari2020.it\/\" target=\"_blank\" rel=\"noreferrer noopener\" aria-label=\"A questo link potete trovare tutte le informazioni aggiornate sugli eventi omegnesi.  (apre in una nuova scheda)\">A questo link potete trovare tutte le informazioni aggiornate sugli eventi omegnesi. <\/a><\/p>\n\n\n\n<p> Alla serata pubblica era presente anche Simone Fornara, che ha annunciato il convegno che si terr\u00e0 il 3 ottobre del 2020 sempre a Omegna, e che \u00e8 in fase di organizzazione da parte della SUPSI, del GISCEL e del Parco della Fantasia. Il convegno verter\u00e0 sui legami tra Rodari e i principi dell&#8217;educazione linguistica, a partire dalle interesezioni con Tullio De Mauro. Presenti, tra gli altri, oltre a Simone Fornara stesso, Pino Boero e Bruno Tognolini.<\/p>\n\n\n\n<p>Seguiranno informazioni pi\u00f9 precise e il programma completo dell&#8217;evento.<\/p>\n","protected":false},"excerpt":{"rendered":"<p>Il 2020 \u00e8 l&#8217;anno del centenario della nascita di Gianni Rodari (1920-1980), il pi\u00f9 grande narratore italiano per ragazzi di ogni tempo. Moltissime saranno le iniziative che ricorderanno la sua figura e la sua opera, da tantissimi punti di vista. Fra queste, merita una menzione il ricchissimo programma ideato dal Comune di Omegna, la citt\u00e0 &hellip; <a href=\"https:\/\/www.simonefornara.com\/?p=986\" class=\"more-link\">Continua la lettura di <span class=\"screen-reader-text\">100 Gianni Rodari<\/span> <span class=\"meta-nav\">&rarr;<\/span><\/a><\/p>\n","protected":false},"author":1,"featured_media":0,"comment_status":"open","ping_status":"closed","sticky":false,"template":"","format":"standard","meta":[],"categories":[181],"tags":[502,140,330,468,503,7,42],"_links":{"self":[{"href":"https:\/\/www.simonefornara.com\/index.php?rest_route=\/wp\/v2\/posts\/986"}],"collection":[{"href":"https:\/\/www.simonefornara.com\/index.php?rest_route=\/wp\/v2\/posts"}],"about":[{"href":"https:\/\/www.simonefornara.com\/index.php?rest_route=\/wp\/v2\/types\/post"}],"author":[{"embeddable":true,"href":"https:\/\/www.simonefornara.com\/index.php?rest_route=\/wp\/v2\/users\/1"}],"replies":[{"embeddable":true,"href":"https:\/\/www.simonefornara.com\/index.php?rest_route=%2Fwp%2Fv2%2Fcomments&post=986"}],"version-history":[{"count":3,"href":"https:\/\/www.simonefornara.com\/index.php?rest_route=\/wp\/v2\/posts\/986\/revisions"}],"predecessor-version":[{"id":990,"href":"https:\/\/www.simonefornara.com\/index.php?rest_route=\/wp\/v2\/posts\/986\/revisions\/990"}],"wp:attachment":[{"href":"https:\/\/www.simonefornara.com\/index.php?rest_route=%2Fwp%2Fv2%2Fmedia&parent=986"}],"wp:term":[{"taxonomy":"category","embeddable":true,"href":"https:\/\/www.simonefornara.com\/index.php?rest_route=%2Fwp%2Fv2%2Fcategories&post=986"},{"taxonomy":"post_tag","embeddable":true,"href":"https:\/\/www.simonefornara.com\/index.php?rest_route=%2Fwp%2Fv2%2Ftags&post=986"}],"curies":[{"name":"wp","href":"https:\/\/api.w.org\/{rel}","templated":true}]}}