{"id":859,"date":"2019-02-17T19:27:09","date_gmt":"2019-02-17T18:27:09","guid":{"rendered":"http:\/\/www.simonefornara.com\/?p=859"},"modified":"2019-02-17T19:27:29","modified_gmt":"2019-02-17T18:27:29","slug":"didattica-della-punteggiatura-appuntamento-a-milano","status":"publish","type":"post","link":"https:\/\/www.simonefornara.com\/?p=859","title":{"rendered":"Didattica della punteggiatura: appuntamento a Milano"},"content":{"rendered":"<p><img loading=\"lazy\" class=\"alignleft wp-image-860\" src=\"https:\/\/www.simonefornara.com\/wp-content\/uploads\/2019\/02\/2019_01-714x1024.png\" alt=\"\" width=\"289\" height=\"415\" srcset=\"https:\/\/www.simonefornara.com\/wp-content\/uploads\/2019\/02\/2019_01-714x1024.png 714w, https:\/\/www.simonefornara.com\/wp-content\/uploads\/2019\/02\/2019_01-209x300.png 209w, https:\/\/www.simonefornara.com\/wp-content\/uploads\/2019\/02\/2019_01-768x1101.png 768w, https:\/\/www.simonefornara.com\/wp-content\/uploads\/2019\/02\/2019_01-600x860.png 600w, https:\/\/www.simonefornara.com\/wp-content\/uploads\/2019\/02\/2019_01.png 1378w\" sizes=\"(max-width: 289px) 100vw, 289px\" \/>Mercoled\u00ec 20 e gioved\u00ec 21 febbraio 2019 si svolge a Milano, presso l&#8217;Universit\u00e0 Cattolica del Sacro Cuore, un&#8217;interessante iniziativa di formazione per insegnanti: la scuola invernale <em>L&#8217;italiano nella scuola secondaria di primo grado. Grammatica, lettura e scrittura.<\/em><\/p>\n<p>Sotto la direzione scientifica di Michele Colombo e Daniela Notarbartolo, una serie di conferenze e laboratori proporr\u00e0 ai docenti riflessioni e pratiche attorno a temi di grande attualit\u00e0 nel campo dell&#8217;insegnamento dell&#8217;italiano.<\/p>\n<p>Tra i relatori figura anche Simone Fornara, che con un team di docenti specializzatesi nell&#8217;elaborazione di pratiche didattiche innovative (Stefania Bianchi,\u00a0 Maurizia Corsi, Silvia Fumagalli Mangano, Claudia Galli e Sofia Leoni) tratter\u00e0 il tema della punteggiatura, tra teoria e didattica.<\/p>\n<p><a href=\"https:\/\/www.simonefornara.com\/wp-content\/uploads\/2019\/02\/SC-SECONDARIA-1-GRADO-pieghe-2018.pdf\" target=\"_blank\" rel=\"noopener\">Cliccare qui per scaricare il programma dell&#8217;iniziativa.<\/a><\/p>\n","protected":false},"excerpt":{"rendered":"<p>Mercoled\u00ec 20 e gioved\u00ec 21 febbraio 2019 si svolge a Milano, presso l&#8217;Universit\u00e0 Cattolica del Sacro Cuore, un&#8217;interessante iniziativa di formazione per insegnanti: la scuola invernale L&#8217;italiano nella scuola secondaria di primo grado. Grammatica, lettura e scrittura. Sotto la direzione scientifica di Michele Colombo e Daniela Notarbartolo, una serie di conferenze e laboratori proporr\u00e0 ai &hellip; <a href=\"https:\/\/www.simonefornara.com\/?p=859\" class=\"more-link\">Continua la lettura di <span class=\"screen-reader-text\">Didattica della punteggiatura: appuntamento a Milano<\/span> <span class=\"meta-nav\">&rarr;<\/span><\/a><\/p>\n","protected":false},"author":1,"featured_media":0,"comment_status":"open","ping_status":"closed","sticky":false,"template":"","format":"standard","meta":[],"categories":[181,36],"tags":[458,364,243,461,456,460,182,457,459,455,336],"_links":{"self":[{"href":"https:\/\/www.simonefornara.com\/index.php?rest_route=\/wp\/v2\/posts\/859"}],"collection":[{"href":"https:\/\/www.simonefornara.com\/index.php?rest_route=\/wp\/v2\/posts"}],"about":[{"href":"https:\/\/www.simonefornara.com\/index.php?rest_route=\/wp\/v2\/types\/post"}],"author":[{"embeddable":true,"href":"https:\/\/www.simonefornara.com\/index.php?rest_route=\/wp\/v2\/users\/1"}],"replies":[{"embeddable":true,"href":"https:\/\/www.simonefornara.com\/index.php?rest_route=%2Fwp%2Fv2%2Fcomments&post=859"}],"version-history":[{"count":2,"href":"https:\/\/www.simonefornara.com\/index.php?rest_route=\/wp\/v2\/posts\/859\/revisions"}],"predecessor-version":[{"id":863,"href":"https:\/\/www.simonefornara.com\/index.php?rest_route=\/wp\/v2\/posts\/859\/revisions\/863"}],"wp:attachment":[{"href":"https:\/\/www.simonefornara.com\/index.php?rest_route=%2Fwp%2Fv2%2Fmedia&parent=859"}],"wp:term":[{"taxonomy":"category","embeddable":true,"href":"https:\/\/www.simonefornara.com\/index.php?rest_route=%2Fwp%2Fv2%2Fcategories&post=859"},{"taxonomy":"post_tag","embeddable":true,"href":"https:\/\/www.simonefornara.com\/index.php?rest_route=%2Fwp%2Fv2%2Ftags&post=859"}],"curies":[{"name":"wp","href":"https:\/\/api.w.org\/{rel}","templated":true}]}}