{"id":821,"date":"2017-12-01T10:19:13","date_gmt":"2017-12-01T09:19:13","guid":{"rendered":"http:\/\/www.simonefornara.com\/?p=821"},"modified":"2023-11-05T22:42:49","modified_gmt":"2023-11-05T21:42:49","slug":"sullarte-di-comporre-albi-illustrati-divergenti","status":"publish","type":"post","link":"https:\/\/www.simonefornara.com\/?p=821","title":{"rendered":"Sull&#8217;arte di comporre albi illustrati divergenti"},"content":{"rendered":"<p><img loading=\"lazy\" class=\"alignleft  wp-image-822\" src=\"https:\/\/www.simonefornara.com\/wp-content\/uploads\/2017\/12\/2017_ON-751x1024.png\" alt=\"2017_on\" width=\"267\" height=\"364\" srcset=\"https:\/\/www.simonefornara.com\/wp-content\/uploads\/2017\/12\/2017_ON-751x1024.png 751w, https:\/\/www.simonefornara.com\/wp-content\/uploads\/2017\/12\/2017_ON-220x300.png 220w, https:\/\/www.simonefornara.com\/wp-content\/uploads\/2017\/12\/2017_ON-768x1048.png 768w, https:\/\/www.simonefornara.com\/wp-content\/uploads\/2017\/12\/2017_ON-600x818.png 600w, https:\/\/www.simonefornara.com\/wp-content\/uploads\/2017\/12\/2017_ON.png 1796w\" sizes=\"(max-width: 267px) 100vw, 267px\" \/>Jon Klassen \u00e8 uno dei pi\u00f9 bravi autori di albi illustrati degli ultimi anni. La sua trilogia del cappello, in questo senso, \u00e8 l&#8217;esempio migliore della sua arte divergente e spiazzante, capace di divertire e sorprendere lettori di ogni et\u00e0.<\/p>\n<p>A questa trilogia e alle caratteristiche che fanno dello stile del giovane autore canadese un caso davvero unico nel panorama della letteratura per l&#8217;infanzia dei nostri giorni \u00e8 dedicato l&#8217;articolo di Simone Fornara <em>Sull&#8217;arte di comporre albi illustrati divergenti: la trilogia del cappello di Jon Klassen<\/em>, pubblicato sul numero 2017\/2 della rivista \u00abOpera Nuova\u00bb (pp. 89-98) diretta da Luca Cignetti.<\/p>\n<p><a href=\"https:\/\/www.academia.edu\/35307260\/S._Fornara_Sull_arte_di_comporre_albi_illustrati_divergenti_la_trilogia_del_cappello_di_Jon_Klassen_in_Opera_Nuova_2017_2_pp._89-98_ISSN_1663-2982_\" target=\"_blank\" rel=\"noopener\">Cliccando qui \u00e8 possibile leggere l&#8217;articolo.<\/a><\/p>\n","protected":false},"excerpt":{"rendered":"<p>Jon Klassen \u00e8 uno dei pi\u00f9 bravi autori di albi illustrati degli ultimi anni. La sua trilogia del cappello, in questo senso, \u00e8 l&#8217;esempio migliore della sua arte divergente e spiazzante, capace di divertire e sorprendere lettori di ogni et\u00e0. A questa trilogia e alle caratteristiche che fanno dello stile del giovane autore canadese un &hellip; <a href=\"https:\/\/www.simonefornara.com\/?p=821\" class=\"more-link\">Continua la lettura di <span class=\"screen-reader-text\">Sull&#8217;arte di comporre albi illustrati divergenti<\/span> <span class=\"meta-nav\">&rarr;<\/span><\/a><\/p>\n","protected":false},"author":1,"featured_media":0,"comment_status":"open","ping_status":"closed","sticky":false,"template":"","format":"standard","meta":[],"categories":[2],"tags":[70,374,7,54,431],"_links":{"self":[{"href":"https:\/\/www.simonefornara.com\/index.php?rest_route=\/wp\/v2\/posts\/821"}],"collection":[{"href":"https:\/\/www.simonefornara.com\/index.php?rest_route=\/wp\/v2\/posts"}],"about":[{"href":"https:\/\/www.simonefornara.com\/index.php?rest_route=\/wp\/v2\/types\/post"}],"author":[{"embeddable":true,"href":"https:\/\/www.simonefornara.com\/index.php?rest_route=\/wp\/v2\/users\/1"}],"replies":[{"embeddable":true,"href":"https:\/\/www.simonefornara.com\/index.php?rest_route=%2Fwp%2Fv2%2Fcomments&post=821"}],"version-history":[{"count":2,"href":"https:\/\/www.simonefornara.com\/index.php?rest_route=\/wp\/v2\/posts\/821\/revisions"}],"predecessor-version":[{"id":1301,"href":"https:\/\/www.simonefornara.com\/index.php?rest_route=\/wp\/v2\/posts\/821\/revisions\/1301"}],"wp:attachment":[{"href":"https:\/\/www.simonefornara.com\/index.php?rest_route=%2Fwp%2Fv2%2Fmedia&parent=821"}],"wp:term":[{"taxonomy":"category","embeddable":true,"href":"https:\/\/www.simonefornara.com\/index.php?rest_route=%2Fwp%2Fv2%2Fcategories&post=821"},{"taxonomy":"post_tag","embeddable":true,"href":"https:\/\/www.simonefornara.com\/index.php?rest_route=%2Fwp%2Fv2%2Ftags&post=821"}],"curies":[{"name":"wp","href":"https:\/\/api.w.org\/{rel}","templated":true}]}}