{"id":801,"date":"2017-10-07T19:32:22","date_gmt":"2017-10-07T17:32:22","guid":{"rendered":"http:\/\/www.simonefornara.com\/?p=801"},"modified":"2017-10-07T19:32:22","modified_gmt":"2017-10-07T17:32:22","slug":"convegno-asli-scuola-a-siena","status":"publish","type":"post","link":"https:\/\/www.simonefornara.com\/?p=801","title":{"rendered":"Convegno ASLI Scuola a Siena"},"content":{"rendered":"<p><em><img loading=\"lazy\" class=\"alignleft  wp-image-803\" src=\"https:\/\/www.simonefornara.com\/wp-content\/uploads\/2017\/10\/Schermata-2017-10-07-alle-19.29.30.png\" alt=\"schermata-2017-10-07-alle-19-29-30\" width=\"344\" height=\"487\" srcset=\"https:\/\/www.simonefornara.com\/wp-content\/uploads\/2017\/10\/Schermata-2017-10-07-alle-19.29.30.png 1740w, https:\/\/www.simonefornara.com\/wp-content\/uploads\/2017\/10\/Schermata-2017-10-07-alle-19.29.30-212x300.png 212w, https:\/\/www.simonefornara.com\/wp-content\/uploads\/2017\/10\/Schermata-2017-10-07-alle-19.29.30-768x1088.png 768w, https:\/\/www.simonefornara.com\/wp-content\/uploads\/2017\/10\/Schermata-2017-10-07-alle-19.29.30-723x1024.png 723w, https:\/\/www.simonefornara.com\/wp-content\/uploads\/2017\/10\/Schermata-2017-10-07-alle-19.29.30-600x850.png 600w\" sizes=\"(max-width: 344px) 100vw, 344px\" \/>Scrivere nella scuola oggi. Obiettivi, metodi, esperienze<\/em> \u00e8 il titolo del Secondo Convegno nazionale ASLI Scuola, che si svolger\u00e0 dal 12 al 14 ottobre 2017 presso l&#8217;Universit\u00e0 per Stranieri di Siena.<\/p>\n<p>Ricco e interessante il programma, che prevede conferenze plenarie di studiosi come Luca Serianni, Francesco Sabatini e Giacomo Stella, alternate a sessioni parallele. In una di queste interverranno anche Silvia Demartini e Simone Fornara, con una relazione intitolata <em>Dall&#8217;esperienza alla scrittura: costruzione del testo e scelte lessicali nelle produzioni di studenti di scuola media in Canton Ticino. Rilievi dal progetto TIscrivo<\/em>.<\/p>\n<p><a href=\"https:\/\/www.simonefornara.com\/wp-content\/uploads\/2017\/10\/Programma-ASLI-Scuola.pdf\" target=\"_blank\">Cliccare qui per scaricare il programma completo.<\/a><\/p>\n","protected":false},"excerpt":{"rendered":"<p>Scrivere nella scuola oggi. Obiettivi, metodi, esperienze \u00e8 il titolo del Secondo Convegno nazionale ASLI Scuola, che si svolger\u00e0 dal 12 al 14 ottobre 2017 presso l&#8217;Universit\u00e0 per Stranieri di Siena. Ricco e interessante il programma, che prevede conferenze plenarie di studiosi come Luca Serianni, Francesco Sabatini e Giacomo Stella, alternate a sessioni parallele. In &hellip; <a href=\"https:\/\/www.simonefornara.com\/?p=801\" class=\"more-link\">Continua la lettura di <span class=\"screen-reader-text\">Convegno ASLI Scuola a Siena<\/span> <span class=\"meta-nav\">&rarr;<\/span><\/a><\/p>\n","protected":false},"author":1,"featured_media":0,"comment_status":"open","ping_status":"closed","sticky":false,"template":"","format":"standard","meta":[],"categories":[181,36],"tags":[413,225,414,415,4,258,7,257,416],"_links":{"self":[{"href":"https:\/\/www.simonefornara.com\/index.php?rest_route=\/wp\/v2\/posts\/801"}],"collection":[{"href":"https:\/\/www.simonefornara.com\/index.php?rest_route=\/wp\/v2\/posts"}],"about":[{"href":"https:\/\/www.simonefornara.com\/index.php?rest_route=\/wp\/v2\/types\/post"}],"author":[{"embeddable":true,"href":"https:\/\/www.simonefornara.com\/index.php?rest_route=\/wp\/v2\/users\/1"}],"replies":[{"embeddable":true,"href":"https:\/\/www.simonefornara.com\/index.php?rest_route=%2Fwp%2Fv2%2Fcomments&post=801"}],"version-history":[{"count":1,"href":"https:\/\/www.simonefornara.com\/index.php?rest_route=\/wp\/v2\/posts\/801\/revisions"}],"predecessor-version":[{"id":804,"href":"https:\/\/www.simonefornara.com\/index.php?rest_route=\/wp\/v2\/posts\/801\/revisions\/804"}],"wp:attachment":[{"href":"https:\/\/www.simonefornara.com\/index.php?rest_route=%2Fwp%2Fv2%2Fmedia&parent=801"}],"wp:term":[{"taxonomy":"category","embeddable":true,"href":"https:\/\/www.simonefornara.com\/index.php?rest_route=%2Fwp%2Fv2%2Fcategories&post=801"},{"taxonomy":"post_tag","embeddable":true,"href":"https:\/\/www.simonefornara.com\/index.php?rest_route=%2Fwp%2Fv2%2Ftags&post=801"}],"curies":[{"name":"wp","href":"https:\/\/api.w.org\/{rel}","templated":true}]}}