{"id":771,"date":"2017-06-23T07:17:59","date_gmt":"2017-06-23T06:17:59","guid":{"rendered":"http:\/\/www.simonefornara.com\/?p=771"},"modified":"2017-06-23T07:17:59","modified_gmt":"2017-06-23T06:17:59","slug":"gli-albi-illustrati-e-la-didattica-dellitaliano-un-articolo-su-italica-wratislaviensia","status":"publish","type":"post","link":"https:\/\/www.simonefornara.com\/?p=771","title":{"rendered":"Gli albi illustrati e la didattica dell&#8217;italiano: un articolo su \u00abItalica Wratislaviensia\u00bb"},"content":{"rendered":"<p><img loading=\"lazy\" class=\"alignleft size-full wp-image-772\" src=\"https:\/\/www.simonefornara.com\/wp-content\/uploads\/2017\/06\/2017_IW.png\" alt=\"2017_iw\" width=\"180\" height=\"254\" \/>Gli albi illustrati (e la variante dei silent book, cio\u00e8 gli albi di sole immagini) sono libri per l\u2019infanzia considerati da molti idonei solo ai bambini in et\u00e0 prescolare o nei primissimi anni di scolarizzazione, e per questo per lo pi\u00f9 trascurati a livello di insegnamento negli ordini scolastici successivi. In realt\u00e0, le potenzialit\u00e0 didattiche degli albi illustrati, caratterizzati negli esempi pi\u00f9 riusciti da un perfetto connubio tra parole e immagini, sono enormi, in particolare per la scuola primaria: per ci\u00f2 che riguarda la didattica dell\u2019italiano, ad esempio, si rivelano dei supporti straordinari per un\u2019impostazione di tipo progettuale che permetta di integrare l\u2019insegnamento\/apprendimento di tutte le abilit\u00e0 linguistiche e della riflessione sulla lingua, cio\u00e8 dei perni sui quali si reggono i programmi e i piani di studio relativi alla lingua italiana dei paesi e dei contesti italofoni.<\/p>\n<p>L\u2019articolo di Simone Fornara <em>Viaggi di immagini e parole. <\/em><br \/>\n<em> La didattica dell\u2019italiano nella scuola primaria con gli albi illustrati e i silent book<\/em>, pubblicato sul numero 8 (2017) della rivista \u00abItalica Wratislaviensia\u00bb, si propone di sostanziare questa convinzione attraverso la definizione di una possibile classificazione degli albi illustrati in sei distinte tipologie e la contestuale descrizione di alcuni percorsi didattici sviluppati in scuole primarie del Canton Ticino (Svizzera italiana), incentrati sull\u2019utilizzo di albi illustrati. Puntando sul piacere di leggere storie coinvolgenti e sulla motivazione, l\u2019albo illustrato consente di lavorare in vista di obiettivi ambiziosi e stimolanti (ad esempio, la redazione di uno o pi\u00f9 albi illustrati nuovi, ispirati a quello scelto all\u2019inizio del percorso, oppure la trasposizione teatrale del testo di partenza), puntando nel contempo a sviluppare le competenze degli allievi per ci\u00f2 che riguarda il parlato e l\u2019ascolto, la lettura e la scrittura.<\/p>\n<p><a href=\"https:\/\/www.academia.edu\/33615530\/Simone_Fornara_Viaggi_di_immagini_e_parole._La_didattica_dell_italiano_nella_scuola_primaria_con_gli_albi_illustrati_e_i_silent_books_in_Italica_Wratislaviensia_8_1_2017_pp._65-83_ISSN_2084-4514_e-ISSN_2450-5943_\" target=\"_blank\">L&#8217;articolo \u00e8 disponibile a questo link.<\/a><\/p>\n<p><a href=\"http:\/\/www.marszalek.com.pl\/italicawratislaviensia\/italica8.pdf\" target=\"_blank\">Cliccando qui, invece, \u00e8 possibile scaricare l&#8217;intero numero della rivista, dedicato alla letteratura per l&#8217;infanzia.<\/a><\/p>\n","protected":false},"excerpt":{"rendered":"<p>Gli albi illustrati (e la variante dei silent book, cio\u00e8 gli albi di sole immagini) sono libri per l\u2019infanzia considerati da molti idonei solo ai bambini in et\u00e0 prescolare o nei primissimi anni di scolarizzazione, e per questo per lo pi\u00f9 trascurati a livello di insegnamento negli ordini scolastici successivi. In realt\u00e0, le potenzialit\u00e0 didattiche &hellip; <a href=\"https:\/\/www.simonefornara.com\/?p=771\" class=\"more-link\">Continua la lettura di <span class=\"screen-reader-text\">Gli albi illustrati e la didattica dell&#8217;italiano: un articolo su \u00abItalica Wratislaviensia\u00bb<\/span> <span class=\"meta-nav\">&rarr;<\/span><\/a><\/p>\n","protected":false},"author":1,"featured_media":0,"comment_status":"open","ping_status":"closed","sticky":false,"template":"","format":"standard","meta":[],"categories":[2,36],"tags":[23,341,396,394,353,395,7],"_links":{"self":[{"href":"https:\/\/www.simonefornara.com\/index.php?rest_route=\/wp\/v2\/posts\/771"}],"collection":[{"href":"https:\/\/www.simonefornara.com\/index.php?rest_route=\/wp\/v2\/posts"}],"about":[{"href":"https:\/\/www.simonefornara.com\/index.php?rest_route=\/wp\/v2\/types\/post"}],"author":[{"embeddable":true,"href":"https:\/\/www.simonefornara.com\/index.php?rest_route=\/wp\/v2\/users\/1"}],"replies":[{"embeddable":true,"href":"https:\/\/www.simonefornara.com\/index.php?rest_route=%2Fwp%2Fv2%2Fcomments&post=771"}],"version-history":[{"count":1,"href":"https:\/\/www.simonefornara.com\/index.php?rest_route=\/wp\/v2\/posts\/771\/revisions"}],"predecessor-version":[{"id":773,"href":"https:\/\/www.simonefornara.com\/index.php?rest_route=\/wp\/v2\/posts\/771\/revisions\/773"}],"wp:attachment":[{"href":"https:\/\/www.simonefornara.com\/index.php?rest_route=%2Fwp%2Fv2%2Fmedia&parent=771"}],"wp:term":[{"taxonomy":"category","embeddable":true,"href":"https:\/\/www.simonefornara.com\/index.php?rest_route=%2Fwp%2Fv2%2Fcategories&post=771"},{"taxonomy":"post_tag","embeddable":true,"href":"https:\/\/www.simonefornara.com\/index.php?rest_route=%2Fwp%2Fv2%2Ftags&post=771"}],"curies":[{"name":"wp","href":"https:\/\/api.w.org\/{rel}","templated":true}]}}