{"id":654,"date":"2016-10-05T08:00:50","date_gmt":"2016-10-05T07:00:50","guid":{"rendered":"http:\/\/www.simonefornara.com\/?p=654"},"modified":"2016-10-05T17:13:39","modified_gmt":"2016-10-05T16:13:39","slug":"intrecci-tra-italiano-e-matematica-su-la-vita-scolastica","status":"publish","type":"post","link":"https:\/\/www.simonefornara.com\/?p=654","title":{"rendered":"Intrecci tra italiano e matematica su \u00abLa Vita Scolastica\u00bb"},"content":{"rendered":"<p><img loading=\"lazy\" class=\"alignleft wp-image-659\" src=\"https:\/\/www.simonefornara.com\/wp-content\/uploads\/2016\/10\/media.giuntiscuola.it_.jpg\" alt=\"media-giuntiscuola-it\" width=\"253\" height=\"350\" srcset=\"https:\/\/www.simonefornara.com\/wp-content\/uploads\/2016\/10\/media.giuntiscuola.it_.jpg 337w, https:\/\/www.simonefornara.com\/wp-content\/uploads\/2016\/10\/media.giuntiscuola.it_-217x300.jpg 217w\" sizes=\"(max-width: 253px) 100vw, 253px\" \/>Che italiano e matematica siano due mondi assai distanti tra loro, addirittura agli antipodi, \u00e8 un luogo comune duro a morire, rafforzato da decenni (secoli?) di pratica didattica tradizionale, che le presenta a scuola come due discipline a s\u00e9 stanti.<\/p>\n<p>In realt\u00e0, sono ormai molti gli studi che hanno dimostrato il contrario. Che, cio\u00e8, tra questi due mondi ci sono moltissimi punti di contatto, e che il pensiero umanistico non \u00e8 poi cos\u00ec diverso da quello matematico. Un punto di contatto sono le parole, ad esempio. Molte difficolt\u00e0 nella risoluzione di problemi matematici, infatti, nascono da una mancata comprensione delle parole.<\/p>\n<p>Proprio a questo aspetto \u00e8 dedicato un recente articolo di Simone Fornara e Silvia Sbaragli pubblicato sul numero 2\/2016 della rivista \u00abLa Vita Scolastica\u00bb, intitolato <em>Che problema, queste parole!<\/em><\/p>\n<p>L&#8217;articolo \u00e8 disponibile per gli abbonati alla <a href=\"http:\/\/www.giuntiscuola.it\/lavitascolastica\/la-rivista-di-carta\/primo-piano\/\" target=\"_blank\">rivista<\/a> o sulla piattaforma <a href=\"https:\/\/www.academia.edu\/28743060\/S._Fornara_e_S._Sbaragli_Che_problema_queste_parole_in_Vita_scolastica_2016_2_pp._16-18\" target=\"_blank\">Academia<\/a>.<\/p>\n<p>&nbsp;<\/p>\n","protected":false},"excerpt":{"rendered":"<p>Che italiano e matematica siano due mondi assai distanti tra loro, addirittura agli antipodi, \u00e8 un luogo comune duro a morire, rafforzato da decenni (secoli?) di pratica didattica tradizionale, che le presenta a scuola come due discipline a s\u00e9 stanti. In realt\u00e0, sono ormai molti gli studi che hanno dimostrato il contrario. Che, cio\u00e8, tra &hellip; <a href=\"https:\/\/www.simonefornara.com\/?p=654\" class=\"more-link\">Continua la lettura di <span class=\"screen-reader-text\">Intrecci tra italiano e matematica su \u00abLa Vita Scolastica\u00bb<\/span> <span class=\"meta-nav\">&rarr;<\/span><\/a><\/p>\n","protected":false},"author":1,"featured_media":0,"comment_status":"open","ping_status":"closed","sticky":false,"template":"","format":"standard","meta":[],"categories":[2,36],"tags":[341,344,343,333,345,329,7],"_links":{"self":[{"href":"https:\/\/www.simonefornara.com\/index.php?rest_route=\/wp\/v2\/posts\/654"}],"collection":[{"href":"https:\/\/www.simonefornara.com\/index.php?rest_route=\/wp\/v2\/posts"}],"about":[{"href":"https:\/\/www.simonefornara.com\/index.php?rest_route=\/wp\/v2\/types\/post"}],"author":[{"embeddable":true,"href":"https:\/\/www.simonefornara.com\/index.php?rest_route=\/wp\/v2\/users\/1"}],"replies":[{"embeddable":true,"href":"https:\/\/www.simonefornara.com\/index.php?rest_route=%2Fwp%2Fv2%2Fcomments&post=654"}],"version-history":[{"count":2,"href":"https:\/\/www.simonefornara.com\/index.php?rest_route=\/wp\/v2\/posts\/654\/revisions"}],"predecessor-version":[{"id":660,"href":"https:\/\/www.simonefornara.com\/index.php?rest_route=\/wp\/v2\/posts\/654\/revisions\/660"}],"wp:attachment":[{"href":"https:\/\/www.simonefornara.com\/index.php?rest_route=%2Fwp%2Fv2%2Fmedia&parent=654"}],"wp:term":[{"taxonomy":"category","embeddable":true,"href":"https:\/\/www.simonefornara.com\/index.php?rest_route=%2Fwp%2Fv2%2Fcategories&post=654"},{"taxonomy":"post_tag","embeddable":true,"href":"https:\/\/www.simonefornara.com\/index.php?rest_route=%2Fwp%2Fv2%2Ftags&post=654"}],"curies":[{"name":"wp","href":"https:\/\/api.w.org\/{rel}","templated":true}]}}