{"id":639,"date":"2016-09-21T18:48:19","date_gmt":"2016-09-21T17:48:19","guid":{"rendered":"http:\/\/www.simonefornara.com\/?p=639"},"modified":"2016-09-21T19:22:58","modified_gmt":"2016-09-21T18:22:58","slug":"a-milano-il-50-congresso-internazionale-della-sli","status":"publish","type":"post","link":"https:\/\/www.simonefornara.com\/?p=639","title":{"rendered":"A MIlano il 50\u00b0 Congresso Internazionale della SLI"},"content":{"rendered":"<p><img loading=\"lazy\" class=\"alignleft size-full wp-image-640\" src=\"https:\/\/www.simonefornara.com\/wp-content\/uploads\/2016\/09\/Schermata-2016-09-21-alle-19.38.07.png\" alt=\"schermata-2016-09-21-alle-19-38-07\" width=\"713\" height=\"126\" srcset=\"https:\/\/www.simonefornara.com\/wp-content\/uploads\/2016\/09\/Schermata-2016-09-21-alle-19.38.07.png 713w, https:\/\/www.simonefornara.com\/wp-content\/uploads\/2016\/09\/Schermata-2016-09-21-alle-19.38.07-300x53.png 300w, https:\/\/www.simonefornara.com\/wp-content\/uploads\/2016\/09\/Schermata-2016-09-21-alle-19.38.07-600x106.png 600w\" sizes=\"(max-width: 713px) 100vw, 713px\" \/>Dal 22 al 24 settembre 2016 si svolge presso il polo universitario milanese (Universit\u00e0 Bicocca, Universit\u00e0 Statale e Universit\u00e0 Cattolica del Sacro Cuore) il 50\u00b0 Congresso Internazionale della Societ\u00e0 di Linguistica Italiana (SLI), intitolato <em>La cultura linguistica italiana in confronto con le culture linguistiche di altri paesi europei dall&#8217;Ottocento in poi<\/em>, che prevede anche una serie di workshop incentrati su altri temi.<\/p>\n<p>Fra questi, il workshop GISCEL <em>La lingua di scolarizzazione nell\u2019apprendimento delle discipline non linguistiche<\/em>, durante il quale Simone Fornara, Silvia Demartini e Silvia Sbaragli presenteranno la relazione <em>Dalla parola al termine. Il cammino verso l&#8217;apprendimento del lessico della matematica nelle definizioni dei bambini<\/em>, frutto di una raccolta dati maturata nell&#8217;ambito della ricerca SUPSI-DFA &#8220;Italmatica&#8221;.<\/p>\n<p>Maggiori informazioni e il programma completo <a href=\"http:\/\/www.unimib.it\/go\/48810\/Home\/Italiano\/Congresso-SLI-2016\" target=\"_blank\">cliccando qui<\/a>.<\/p>\n","protected":false},"excerpt":{"rendered":"<p>Dal 22 al 24 settembre 2016 si svolge presso il polo universitario milanese (Universit\u00e0 Bicocca, Universit\u00e0 Statale e Universit\u00e0 Cattolica del Sacro Cuore) il 50\u00b0 Congresso Internazionale della Societ\u00e0 di Linguistica Italiana (SLI), intitolato La cultura linguistica italiana in confronto con le culture linguistiche di altri paesi europei dall&#8217;Ottocento in poi, che prevede anche una &hellip; <a href=\"https:\/\/www.simonefornara.com\/?p=639\" class=\"more-link\">Continua la lettura di <span class=\"screen-reader-text\">A MIlano il 50\u00b0 Congresso Internazionale della SLI<\/span> <span class=\"meta-nav\">&rarr;<\/span><\/a><\/p>\n","protected":false},"author":1,"featured_media":0,"comment_status":"open","ping_status":"closed","sticky":false,"template":"","format":"standard","meta":[],"categories":[181],"tags":[330,333,258,329,7,331,332,335,336,334],"_links":{"self":[{"href":"https:\/\/www.simonefornara.com\/index.php?rest_route=\/wp\/v2\/posts\/639"}],"collection":[{"href":"https:\/\/www.simonefornara.com\/index.php?rest_route=\/wp\/v2\/posts"}],"about":[{"href":"https:\/\/www.simonefornara.com\/index.php?rest_route=\/wp\/v2\/types\/post"}],"author":[{"embeddable":true,"href":"https:\/\/www.simonefornara.com\/index.php?rest_route=\/wp\/v2\/users\/1"}],"replies":[{"embeddable":true,"href":"https:\/\/www.simonefornara.com\/index.php?rest_route=%2Fwp%2Fv2%2Fcomments&post=639"}],"version-history":[{"count":3,"href":"https:\/\/www.simonefornara.com\/index.php?rest_route=\/wp\/v2\/posts\/639\/revisions"}],"predecessor-version":[{"id":643,"href":"https:\/\/www.simonefornara.com\/index.php?rest_route=\/wp\/v2\/posts\/639\/revisions\/643"}],"wp:attachment":[{"href":"https:\/\/www.simonefornara.com\/index.php?rest_route=%2Fwp%2Fv2%2Fmedia&parent=639"}],"wp:term":[{"taxonomy":"category","embeddable":true,"href":"https:\/\/www.simonefornara.com\/index.php?rest_route=%2Fwp%2Fv2%2Fcategories&post=639"},{"taxonomy":"post_tag","embeddable":true,"href":"https:\/\/www.simonefornara.com\/index.php?rest_route=%2Fwp%2Fv2%2Ftags&post=639"}],"curies":[{"name":"wp","href":"https:\/\/api.w.org\/{rel}","templated":true}]}}