{"id":534,"date":"2016-04-14T09:17:25","date_gmt":"2016-04-14T08:17:25","guid":{"rendered":"http:\/\/www.simonefornara.com\/?p=534"},"modified":"2016-04-14T09:17:25","modified_gmt":"2016-04-14T08:17:25","slug":"chi-lha-fatta-in-testa-a-scuro-moltamorte","status":"publish","type":"post","link":"https:\/\/www.simonefornara.com\/?p=534","title":{"rendered":"Chi l&#8217;ha fatta in testa a Scuro Moltamorte?"},"content":{"rendered":"<p><a href=\"http:\/\/www.teleticino.ch\/video\/il-bidello-di-ulisse\/276789\/chi-me-l-ha-fatta-in-testa\" target=\"_blank\"><img loading=\"lazy\" class=\"alignleft size-full wp-image-535\" src=\"https:\/\/www.simonefornara.com\/wp-content\/uploads\/2016\/04\/2016_ludiano3.png\" alt=\"2016_ludiano3\" width=\"809\" height=\"454\" srcset=\"https:\/\/www.simonefornara.com\/wp-content\/uploads\/2016\/04\/2016_ludiano3.png 809w, https:\/\/www.simonefornara.com\/wp-content\/uploads\/2016\/04\/2016_ludiano3-300x168.png 300w, https:\/\/www.simonefornara.com\/wp-content\/uploads\/2016\/04\/2016_ludiano3-768x431.png 768w, https:\/\/www.simonefornara.com\/wp-content\/uploads\/2016\/04\/2016_ludiano3-600x337.png 600w\" sizes=\"(max-width: 809px) 100vw, 809px\" \/><\/a>Scuro Moltamorte \u00e8 tornato in TV: mercoled\u00ec 13 aprile 2016 ha fatto irruzione nella soffitta di Ludiano, mentre si stava registrando una nuova puntata del <em>Bidello Ulisse nella rete dei libri<\/em>, la trasmissione di Teleticino ideata e condotta da Daniele Dell&#8217;Agnola.<\/p>\n<p>Scuro \u00e8 apparso ancora pi\u00f9 incupito del solito, perch\u00e9 qualcuno gliel&#8217;aveva fatta in testa! Per\u00f2, grazie agli aiuti della giallista <a href=\"http:\/\/www.manuelamazzi.ch\/\" target=\"_blank\">Manuela Mazzi<\/a>, ospite della puntata, ha messo insieme un po&#8217; di indizi per scoprire che&#8230;<\/p>\n<p>Cliccando sull&#8217;immagine potrete sapere come \u00e8 finita l&#8217;indagine, mentre <a href=\"http:\/\/www.scuromoltamorte.org\/2016\/04\/14\/chi-me-lha-fatta-in-testa\/\" target=\"_blank\">cliccando qui potete leggere che cosa scrive Scuro di questa nuova esperienza televisiva<\/a>.<\/p>\n","protected":false},"excerpt":{"rendered":"<p>Scuro Moltamorte \u00e8 tornato in TV: mercoled\u00ec 13 aprile 2016 ha fatto irruzione nella soffitta di Ludiano, mentre si stava registrando una nuova puntata del Bidello Ulisse nella rete dei libri, la trasmissione di Teleticino ideata e condotta da Daniele Dell&#8217;Agnola. Scuro \u00e8 apparso ancora pi\u00f9 incupito del solito, perch\u00e9 qualcuno gliel&#8217;aveva fatta in testa! &hellip; <a href=\"https:\/\/www.simonefornara.com\/?p=534\" class=\"more-link\">Continua la lettura di <span class=\"screen-reader-text\">Chi l&#8217;ha fatta in testa a Scuro Moltamorte?<\/span> <span class=\"meta-nav\">&rarr;<\/span><\/a><\/p>\n","protected":false},"author":1,"featured_media":0,"comment_status":"open","ping_status":"closed","sticky":false,"template":"","format":"standard","meta":[],"categories":[238],"tags":[280,201,202,275,276,279,239,203],"_links":{"self":[{"href":"https:\/\/www.simonefornara.com\/index.php?rest_route=\/wp\/v2\/posts\/534"}],"collection":[{"href":"https:\/\/www.simonefornara.com\/index.php?rest_route=\/wp\/v2\/posts"}],"about":[{"href":"https:\/\/www.simonefornara.com\/index.php?rest_route=\/wp\/v2\/types\/post"}],"author":[{"embeddable":true,"href":"https:\/\/www.simonefornara.com\/index.php?rest_route=\/wp\/v2\/users\/1"}],"replies":[{"embeddable":true,"href":"https:\/\/www.simonefornara.com\/index.php?rest_route=%2Fwp%2Fv2%2Fcomments&post=534"}],"version-history":[{"count":1,"href":"https:\/\/www.simonefornara.com\/index.php?rest_route=\/wp\/v2\/posts\/534\/revisions"}],"predecessor-version":[{"id":536,"href":"https:\/\/www.simonefornara.com\/index.php?rest_route=\/wp\/v2\/posts\/534\/revisions\/536"}],"wp:attachment":[{"href":"https:\/\/www.simonefornara.com\/index.php?rest_route=%2Fwp%2Fv2%2Fmedia&parent=534"}],"wp:term":[{"taxonomy":"category","embeddable":true,"href":"https:\/\/www.simonefornara.com\/index.php?rest_route=%2Fwp%2Fv2%2Fcategories&post=534"},{"taxonomy":"post_tag","embeddable":true,"href":"https:\/\/www.simonefornara.com\/index.php?rest_route=%2Fwp%2Fv2%2Ftags&post=534"}],"curies":[{"name":"wp","href":"https:\/\/api.w.org\/{rel}","templated":true}]}}