{"id":527,"date":"2016-04-08T15:22:56","date_gmt":"2016-04-08T14:22:56","guid":{"rendered":"http:\/\/www.simonefornara.com\/?p=527"},"modified":"2016-04-08T15:25:51","modified_gmt":"2016-04-08T14:25:51","slug":"scuro-moltamorte-su-teleticino","status":"publish","type":"post","link":"https:\/\/www.simonefornara.com\/?p=527","title":{"rendered":"Scuro Moltamorte su Teleticino"},"content":{"rendered":"<p><a href=\"http:\/\/www.teleticino.ch\/video\/il-bidello-di-ulisse\/274281\/il-peso-della-farfalla-di-erri-de-luca-e-l-albero-di-shel-silverstein\" target=\"_blank\"><img loading=\"lazy\" class=\"alignleft wp-image-528 size-full\" src=\"https:\/\/www.simonefornara.com\/wp-content\/uploads\/2016\/04\/2016_ludiano2.png\" alt=\"2016_ludiano2\" width=\"947\" height=\"529\" srcset=\"https:\/\/www.simonefornara.com\/wp-content\/uploads\/2016\/04\/2016_ludiano2.png 947w, https:\/\/www.simonefornara.com\/wp-content\/uploads\/2016\/04\/2016_ludiano2-300x168.png 300w, https:\/\/www.simonefornara.com\/wp-content\/uploads\/2016\/04\/2016_ludiano2-768x429.png 768w, https:\/\/www.simonefornara.com\/wp-content\/uploads\/2016\/04\/2016_ludiano2-600x335.png 600w\" sizes=\"(max-width: 947px) 100vw, 947px\" \/><\/a>L&#8217;aveva promesso sul suo blog (quello che lui chiama il suo &#8220;antro&#8221;), e cos\u00ec \u00e8 avvenuto: Scuro Moltamorte \u00e8 sbarcato sugli schermi televisivi.<\/p>\n<p>Burbero e scorbutico come suo solito, ha fatto il suo debutto davanti alle telecamere di Teleticino, durante la prima puntata della seconda serie della trasmissione di Daniele Dell&#8217;Agnola <em>Il bidello Ulisse nella rete dei libri<\/em>, mentre tentava di leggere in una soffitta di Ludiano (quella dell&#8217;associazione culturale <em>Libera il libro Serravalle<\/em>) il suo albo illustrato preferito (<em>Nel paese dei mostri selvaggi <\/em>di Maurice Sendak) e mentre borbottava qualcosa a proposito del libro <em>L&#8217;albero <\/em>di Shel Silverstein.<\/p>\n<p>Cliccando sull&#8217;immagine \u00e8 possibile vedere il filmato dalle pagine di Teleticino.<\/p>\n<p>Per saperne di pi\u00f9, si pu\u00f2 <a href=\"http:\/\/www.scuromoltamorte.org\/2016\/04\/07\/il-mio-debutto-in-tv\/\" target=\"_blank\">cliccare qui e leggere che cosa scrive Scuro in persona di questa nuova esperienza sul suo polveroso diario digitale<\/a>. Con la certezza che non sar\u00e0 l&#8217;ultima&#8230;<\/p>\n<p>&nbsp;<\/p>\n","protected":false},"excerpt":{"rendered":"<p>L&#8217;aveva promesso sul suo blog (quello che lui chiama il suo &#8220;antro&#8221;), e cos\u00ec \u00e8 avvenuto: Scuro Moltamorte \u00e8 sbarcato sugli schermi televisivi. Burbero e scorbutico come suo solito, ha fatto il suo debutto davanti alle telecamere di Teleticino, durante la prima puntata della seconda serie della trasmissione di Daniele Dell&#8217;Agnola Il bidello Ulisse nella &hellip; <a href=\"https:\/\/www.simonefornara.com\/?p=527\" class=\"more-link\">Continua la lettura di <span class=\"screen-reader-text\">Scuro Moltamorte su Teleticino<\/span> <span class=\"meta-nav\">&rarr;<\/span><\/a><\/p>\n","protected":false},"author":1,"featured_media":0,"comment_status":"open","ping_status":"closed","sticky":false,"template":"","format":"standard","meta":[],"categories":[238],"tags":[201,202,278,275,276,45,44,239,277,203],"_links":{"self":[{"href":"https:\/\/www.simonefornara.com\/index.php?rest_route=\/wp\/v2\/posts\/527"}],"collection":[{"href":"https:\/\/www.simonefornara.com\/index.php?rest_route=\/wp\/v2\/posts"}],"about":[{"href":"https:\/\/www.simonefornara.com\/index.php?rest_route=\/wp\/v2\/types\/post"}],"author":[{"embeddable":true,"href":"https:\/\/www.simonefornara.com\/index.php?rest_route=\/wp\/v2\/users\/1"}],"replies":[{"embeddable":true,"href":"https:\/\/www.simonefornara.com\/index.php?rest_route=%2Fwp%2Fv2%2Fcomments&post=527"}],"version-history":[{"count":4,"href":"https:\/\/www.simonefornara.com\/index.php?rest_route=\/wp\/v2\/posts\/527\/revisions"}],"predecessor-version":[{"id":532,"href":"https:\/\/www.simonefornara.com\/index.php?rest_route=\/wp\/v2\/posts\/527\/revisions\/532"}],"wp:attachment":[{"href":"https:\/\/www.simonefornara.com\/index.php?rest_route=%2Fwp%2Fv2%2Fmedia&parent=527"}],"wp:term":[{"taxonomy":"category","embeddable":true,"href":"https:\/\/www.simonefornara.com\/index.php?rest_route=%2Fwp%2Fv2%2Fcategories&post=527"},{"taxonomy":"post_tag","embeddable":true,"href":"https:\/\/www.simonefornara.com\/index.php?rest_route=%2Fwp%2Fv2%2Ftags&post=527"}],"curies":[{"name":"wp","href":"https:\/\/api.w.org\/{rel}","templated":true}]}}