{"id":524,"date":"2016-04-04T06:16:57","date_gmt":"2016-04-04T05:16:57","guid":{"rendered":"http:\/\/www.simonefornara.com\/?p=524"},"modified":"2016-04-04T06:16:57","modified_gmt":"2016-04-04T05:16:57","slug":"xiv-congresso-silfi-a-madrid","status":"publish","type":"post","link":"https:\/\/www.simonefornara.com\/?p=524","title":{"rendered":"XIV Congresso SILFI a Madrid"},"content":{"rendered":"<p><img loading=\"lazy\" class=\"alignleft size-large wp-image-525\" src=\"https:\/\/www.simonefornara.com\/wp-content\/uploads\/2016\/04\/Schermata-2016-04-04-alle-07.09.54-1024x340.png\" alt=\"Schermata 2016-04-04 alle 07.09.54\" width=\"474\" height=\"157\" srcset=\"https:\/\/www.simonefornara.com\/wp-content\/uploads\/2016\/04\/Schermata-2016-04-04-alle-07.09.54-1024x340.png 1024w, https:\/\/www.simonefornara.com\/wp-content\/uploads\/2016\/04\/Schermata-2016-04-04-alle-07.09.54-300x100.png 300w, https:\/\/www.simonefornara.com\/wp-content\/uploads\/2016\/04\/Schermata-2016-04-04-alle-07.09.54-768x255.png 768w, https:\/\/www.simonefornara.com\/wp-content\/uploads\/2016\/04\/Schermata-2016-04-04-alle-07.09.54-600x199.png 600w, https:\/\/www.simonefornara.com\/wp-content\/uploads\/2016\/04\/Schermata-2016-04-04-alle-07.09.54.png 1197w\" sizes=\"(max-width: 474px) 100vw, 474px\" \/>Dal 4 al 6 aprile 2016 la\u00a0 Facolt\u00e0 di Filologia dell&#8217;Universit\u00e0 Complutense di Madrid (UCM) ospita il XIV Congresso della Societ\u00e0 internazionale di Linguistica e Filologia italiana (SILFI), sul tema &#8220;Acquisizione e didattica dell&#8217;italiano&#8221;.<\/p>\n<p>Simone Fornara vi partecipa come ospite nella tavola rotonda <em>L&#8217;italiano nel mondo<\/em> e con la relazione <em>La didattica della composizione scritta con le storie divergenti. Percorsi di apprendimento tra lettura, scrittura e revisione del testo nella scuola primaria del Canton Ticino.<\/em><\/p>\n<p><a href=\"http:\/\/www.silfi.eu\/\" target=\"_blank\">Cliccare qui per visitare il sito ufficiale del Congresso.<\/a><\/p>\n","protected":false},"excerpt":{"rendered":"<p>Dal 4 al 6 aprile 2016 la\u00a0 Facolt\u00e0 di Filologia dell&#8217;Universit\u00e0 Complutense di Madrid (UCM) ospita il XIV Congresso della Societ\u00e0 internazionale di Linguistica e Filologia italiana (SILFI), sul tema &#8220;Acquisizione e didattica dell&#8217;italiano&#8221;. Simone Fornara vi partecipa come ospite nella tavola rotonda L&#8217;italiano nel mondo e con la relazione La didattica della composizione scritta &hellip; <a href=\"https:\/\/www.simonefornara.com\/?p=524\" class=\"more-link\">Continua la lettura di <span class=\"screen-reader-text\">XIV Congresso SILFI a Madrid<\/span> <span class=\"meta-nav\">&rarr;<\/span><\/a><\/p>\n","protected":false},"author":1,"featured_media":0,"comment_status":"open","ping_status":"closed","sticky":false,"template":"","format":"standard","meta":[],"categories":[181],"tags":[274,272,7,54,273],"_links":{"self":[{"href":"https:\/\/www.simonefornara.com\/index.php?rest_route=\/wp\/v2\/posts\/524"}],"collection":[{"href":"https:\/\/www.simonefornara.com\/index.php?rest_route=\/wp\/v2\/posts"}],"about":[{"href":"https:\/\/www.simonefornara.com\/index.php?rest_route=\/wp\/v2\/types\/post"}],"author":[{"embeddable":true,"href":"https:\/\/www.simonefornara.com\/index.php?rest_route=\/wp\/v2\/users\/1"}],"replies":[{"embeddable":true,"href":"https:\/\/www.simonefornara.com\/index.php?rest_route=%2Fwp%2Fv2%2Fcomments&post=524"}],"version-history":[{"count":1,"href":"https:\/\/www.simonefornara.com\/index.php?rest_route=\/wp\/v2\/posts\/524\/revisions"}],"predecessor-version":[{"id":526,"href":"https:\/\/www.simonefornara.com\/index.php?rest_route=\/wp\/v2\/posts\/524\/revisions\/526"}],"wp:attachment":[{"href":"https:\/\/www.simonefornara.com\/index.php?rest_route=%2Fwp%2Fv2%2Fmedia&parent=524"}],"wp:term":[{"taxonomy":"category","embeddable":true,"href":"https:\/\/www.simonefornara.com\/index.php?rest_route=%2Fwp%2Fv2%2Fcategories&post=524"},{"taxonomy":"post_tag","embeddable":true,"href":"https:\/\/www.simonefornara.com\/index.php?rest_route=%2Fwp%2Fv2%2Ftags&post=524"}],"curies":[{"name":"wp","href":"https:\/\/api.w.org\/{rel}","templated":true}]}}