{"id":508,"date":"2016-03-28T10:51:09","date_gmt":"2016-03-28T09:51:09","guid":{"rendered":"http:\/\/www.simonefornara.com\/?p=508"},"modified":"2016-03-28T10:55:51","modified_gmt":"2016-03-28T09:55:51","slug":"lesercito-dei-libri-di-carta-e-le-librerie-per-ragazzi","status":"publish","type":"post","link":"https:\/\/www.simonefornara.com\/?p=508","title":{"rendered":"L&#8217;esercito dei libri di carta e le librerie per ragazzi"},"content":{"rendered":"<figure id=\"attachment_509\" aria-describedby=\"caption-attachment-509\" style=\"width: 216px\" class=\"wp-caption alignleft\"><img loading=\"lazy\" class=\"wp-image-509 size-medium\" src=\"https:\/\/www.simonefornara.com\/wp-content\/uploads\/2016\/03\/GIANNA_Vitaliweb-216x300.png\" alt=\"GIANNA_Vitaliweb\" width=\"216\" height=\"300\" srcset=\"https:\/\/www.simonefornara.com\/wp-content\/uploads\/2016\/03\/GIANNA_Vitaliweb-216x300.png 216w, https:\/\/www.simonefornara.com\/wp-content\/uploads\/2016\/03\/GIANNA_Vitaliweb.png 504w\" sizes=\"(max-width: 216px) 100vw, 216px\" \/><figcaption id=\"caption-attachment-509\" class=\"wp-caption-text\">Gianna Vitali<\/figcaption><\/figure>\n<p>Dalla rubrica <em>Letteratura e infanzia <\/em>del \u00abCorriere del Ticino\u00bb (01.03.2016, p. 29):<\/p>\n<p>Recenti statistiche hanno dimostrato che il 2015 \u00e8 stato, per il libro, l\u2019anno della svolta: dopo un periodo di crisi lungo almeno cinque anni, il mercato editoriale sembra essere uscito dal tunnel. E l\u2019inversione di tendenza, che ha riportato il fatturato dei libri in positivo in tutti i paesi dell\u2019Europa, al traino del Regno Unito, ha riguardato in particolare il libro di carta. Gi\u00e0, perch\u00e9 nel 2015 sono calate le vendite degli ebook e sono salite quelle dei libri tradizionali: il tanto temuto e paventato accantonamento del caro vecchio libro, da sfogliare, toccare, annusare, \u00e8 una distopia ancora solo ipotetica (per fortuna!). Se si pensa che questo fenomeno \u00e8 in linea con quanto accaduto negli Stati Uniti, si pu\u00f2 essere certi che non si tratti di una bolla di sapone.<\/p>\n<p>E il quadro \u00e8 ancora pi\u00f9 incoraggiante se si considerano i dati che riguardano l\u2019editoria per ragazzi: anche nel periodo di crisi pi\u00f9 nera, era il settore pi\u00f9 resistente; e oggi, con questi neppure troppo timidi segnali di ripresa, il suo ruolo di locomotiva dell\u2019intero mercato librario \u00e8 ancora pi\u00f9 forte. Sono proprio i giovani, infatti, a leggere di pi\u00f9 e a comprare pi\u00f9 libri. In un\u2019epoca in cui \u00e8 fin troppo facile accostare superficialmente il giovane all\u2019uso (e abuso) delle nuove tecnologie, il dato pu\u00f2 apparire sorprendente, se non addirittura paradossale. Ma il fatto \u00e8 chiaro: i pi\u00f9 giovani non si sono (ancora) inebetiti con la testa chinata sugli smartphone.<\/p>\n<p>I motivi di questo ritorno dell\u2019esercito dei libri di carta sono certamente molti, alcuni di natura economica e altri di natura culturale. Lasciando ad altre voci pi\u00f9 competenti i primi, soffermiamoci su almeno uno dei secondi, in relazione al settore dell\u2019editoria per ragazzi. E allora non possiamo fare a meno di ipotizzare che a questi dati abbiano giovato le numerosissime iniziative di promozione alla lettura che hanno visto e vedono impegnate, quotidianamente, schiere di volenterosi \u201cmissionari\u201d della narrazione. Si tratta, generalmente, di persone che non amano alzare la voce (e che per questo risultano invisibili ai pi\u00f9) e che non hanno mai smesso di credere nel valore educativo e democratico delle storie, portandole all\u2019attenzione di bambini ed educatori in ogni contesto possibile. Sono persone che si sono impegnate, per anni, nell\u2019ombra, confidando nel potere evocativo ed emozionale delle pagine di carta. Persone che hanno speso anni della loro vita a seminare, a beneficio delle nuove generazioni.<\/p>\n<p>Come Gianna Vitali, compagna di Roberto Denti e fondatrice, insieme a lui, nel lontano 1972, della prima libreria per ragazzi dell\u2019Europa continentale, la Libreria dei Ragazzi di Milano. A proposito del suo ultimo viaggio, i suoi amici della Libreria dei Ragazzi hanno scritto queste parole: \u00abAlcune persone hanno il dono di non andarsene mai per davvero. Gianna ci ha lasciato un incredibile tesoro di idee, di passione, di parole mai banali, di progetti continui. Che raccoglieremo e che porteremo avanti\u00bb. Ecco, non bisognerebbe mai dimenticare l\u2019esempio di persone come lei. Per fortuna, guardando al Canton Ticino, possiamo dormire sonni tranquilli: sul nostro territorio, infatti, le librerie dedicate espressamente ai ragazzi sono molte, e tutte agguerrite. E sono gestite da persone competenti e illuminate dalla stessa scintilla che accendeva i cuori dei fondatori della Libreria dei Ragazzi. Una scintilla di cui tutti noi \u2013 docenti, educatori, genitori, lettori \u2013 dobbiamo prenderci cura. Con impegno costante, e senza inutili clamori.<\/p>\n<p><a href=\"https:\/\/www.simonefornara.com\/wp-content\/uploads\/2016\/03\/2016_0301_CdT_rivincita_libro.pdf\" target=\"_blank\">Cliccando qui \u00e8 possibile scaricare il pdf del&#8217;articolo pubblicato sul \u00abCorriere del Ticino\u00bb.<\/a><\/p>\n","protected":false},"excerpt":{"rendered":"<p>Dalla rubrica Letteratura e infanzia del \u00abCorriere del Ticino\u00bb (01.03.2016, p. 29): Recenti statistiche hanno dimostrato che il 2015 \u00e8 stato, per il libro, l\u2019anno della svolta: dopo un periodo di crisi lungo almeno cinque anni, il mercato editoriale sembra essere uscito dal tunnel. E l\u2019inversione di tendenza, che ha riportato il fatturato dei libri &hellip; <a href=\"https:\/\/www.simonefornara.com\/?p=508\" class=\"more-link\">Continua la lettura di <span class=\"screen-reader-text\">L&#8217;esercito dei libri di carta e le librerie per ragazzi<\/span> <span class=\"meta-nav\">&rarr;<\/span><\/a><\/p>\n","protected":false},"author":1,"featured_media":0,"comment_status":"open","ping_status":"closed","sticky":false,"template":"","format":"standard","meta":[],"categories":[20],"tags":[255,118,251,252,256,253,249,250,254],"_links":{"self":[{"href":"https:\/\/www.simonefornara.com\/index.php?rest_route=\/wp\/v2\/posts\/508"}],"collection":[{"href":"https:\/\/www.simonefornara.com\/index.php?rest_route=\/wp\/v2\/posts"}],"about":[{"href":"https:\/\/www.simonefornara.com\/index.php?rest_route=\/wp\/v2\/types\/post"}],"author":[{"embeddable":true,"href":"https:\/\/www.simonefornara.com\/index.php?rest_route=\/wp\/v2\/users\/1"}],"replies":[{"embeddable":true,"href":"https:\/\/www.simonefornara.com\/index.php?rest_route=%2Fwp%2Fv2%2Fcomments&post=508"}],"version-history":[{"count":2,"href":"https:\/\/www.simonefornara.com\/index.php?rest_route=\/wp\/v2\/posts\/508\/revisions"}],"predecessor-version":[{"id":512,"href":"https:\/\/www.simonefornara.com\/index.php?rest_route=\/wp\/v2\/posts\/508\/revisions\/512"}],"wp:attachment":[{"href":"https:\/\/www.simonefornara.com\/index.php?rest_route=%2Fwp%2Fv2%2Fmedia&parent=508"}],"wp:term":[{"taxonomy":"category","embeddable":true,"href":"https:\/\/www.simonefornara.com\/index.php?rest_route=%2Fwp%2Fv2%2Fcategories&post=508"},{"taxonomy":"post_tag","embeddable":true,"href":"https:\/\/www.simonefornara.com\/index.php?rest_route=%2Fwp%2Fv2%2Ftags&post=508"}],"curies":[{"name":"wp","href":"https:\/\/api.w.org\/{rel}","templated":true}]}}