{"id":385,"date":"2015-10-14T08:58:39","date_gmt":"2015-10-14T07:58:39","guid":{"rendered":"http:\/\/www.simonefornara.com\/?p=385"},"modified":"2015-10-14T08:59:52","modified_gmt":"2015-10-14T07:59:52","slug":"dal-bidello-ulisse-a-parlare-di-libri","status":"publish","type":"post","link":"https:\/\/www.simonefornara.com\/?p=385","title":{"rendered":"Dal bidello Ulisse a parlare di libri"},"content":{"rendered":"<p><img loading=\"lazy\" class=\"alignleft size-medium wp-image-387\" src=\"https:\/\/www.simonefornara.com\/wp-content\/uploads\/2015\/10\/Schermata-2015-10-14-alle-09.39.13-300x168.png\" alt=\"Schermata 2015-10-14 alle 09.39.13\" width=\"300\" height=\"168\" srcset=\"https:\/\/www.simonefornara.com\/wp-content\/uploads\/2015\/10\/Schermata-2015-10-14-alle-09.39.13-300x168.png 300w, https:\/\/www.simonefornara.com\/wp-content\/uploads\/2015\/10\/Schermata-2015-10-14-alle-09.39.13-1024x575.png 1024w, https:\/\/www.simonefornara.com\/wp-content\/uploads\/2015\/10\/Schermata-2015-10-14-alle-09.39.13-600x337.png 600w, https:\/\/www.simonefornara.com\/wp-content\/uploads\/2015\/10\/Schermata-2015-10-14-alle-09.39.13.png 1274w\" sizes=\"(max-width: 300px) 100vw, 300px\" \/>Mercoled\u00ec 7 ottobre 2015 Simone Fornara \u00e8 stato ospite della trasmissione di Teleticino <a href=\"http:\/\/www.teleticino.ch\/il-bidello-di-ulisse\" target=\"_blank\"><em>Il bidello Ulisse nella rete dei libri<\/em><\/a>, ideata e condotta da <a href=\"https:\/\/daniteatro.wordpress.com\/\" target=\"_blank\">Daniele Dell&#8217;Agnola<\/a>.<\/p>\n<p>A partire dal seguente brano di Stephen King (tratto da <em>Danse macabre,<\/em> Roma-Napoli, Theoria, 1992, p. 391) , i due colleghi hanno parlato del &#8220;terzo occhio&#8221;, cio\u00e8 della capacit\u00e0 della mente infantile di restare aperta sul mondo, e di come questa strabiliante facolt\u00e0 immaginativa si restringa a tunnel col passare del tempo (su questo stesso tema, si veda anche <a href=\"https:\/\/www.simonefornara.com\/wp-content\/uploads\/2015\/07\/CDT_corrieredelticino_20150706_20.pdf\" target=\"_blank\">questo articolo della rubrica <em>Libri sui banchi<\/em>)<\/a>.<\/p>\n<blockquote>\n<div class=\"page\" title=\"Page 4\">\n<div class=\"layoutArea\">\n<div class=\"column\">\n<p>La mia idea della crescita \u00e8 che il processo consista essenzial- mente nello sviluppo di una visione ristretta delle cose, come se la mente entrasse in un tunnel, e in una graduale ossificazione della facolt\u00e0 immaginativa [&#8230;]. I bambini [invece] vedono tutto, considerano tutto; l\u2019espressione tipica di un piccolo che \u00e8 sazio, asciutto e ben sveglio sono due occhi spalancati che osservano tutto.<\/p>\n<\/div>\n<\/div>\n<\/div>\n<\/blockquote>\n<p>L&#8217;attenzione si \u00e8 poi spostata su due albi illustrati che sembrano trattare in modo quasi esplicito il tema del &#8220;terzo occhio&#8221;, messo in contrasto con la razionalit\u00e0 a volte ottusa dell&#8217;adulto: <a href=\"https:\/\/www.simonefornara.com\/wp-content\/uploads\/2015\/07\/CDT_corrieredelticino_20150708_26.pdf\" target=\"_blank\"><em>La sedia blu <\/em>di Claude Boujon (Milano, Babalibri, 2011)<\/a> e <a href=\"http:\/\/www.hmhbooks.com\/wiesner\/hurricane.html\" target=\"_blank\"><em>Hurricane <\/em>di David Wiesner (Boston, Houghton Mifflin Harcourt, 1992)<\/a>.<\/p>\n<p><a href=\"http:\/\/www.teleticino.ch\/video\/il-bidello-di-ulisse\/252649\/il-bidello-ulisse\" target=\"_blank\">Il filmato completo della puntata \u00e8 visualizzabile cliccando qui.<\/a><\/p>\n","protected":false},"excerpt":{"rendered":"<p>Mercoled\u00ec 7 ottobre 2015 Simone Fornara \u00e8 stato ospite della trasmissione di Teleticino Il bidello Ulisse nella rete dei libri, ideata e condotta da Daniele Dell&#8217;Agnola. A partire dal seguente brano di Stephen King (tratto da Danse macabre, Roma-Napoli, Theoria, 1992, p. 391) , i due colleghi hanno parlato del &#8220;terzo occhio&#8221;, cio\u00e8 della capacit\u00e0 &hellip; <a href=\"https:\/\/www.simonefornara.com\/?p=385\" class=\"more-link\">Continua la lettura di <span class=\"screen-reader-text\">Dal bidello Ulisse a parlare di libri<\/span> <span class=\"meta-nav\">&rarr;<\/span><\/a><\/p>\n","protected":false},"author":1,"featured_media":0,"comment_status":"open","ping_status":"closed","sticky":false,"template":"","format":"standard","meta":[],"categories":[11],"tags":[31,143,201,204,202,142,7,134,203,205,206],"_links":{"self":[{"href":"https:\/\/www.simonefornara.com\/index.php?rest_route=\/wp\/v2\/posts\/385"}],"collection":[{"href":"https:\/\/www.simonefornara.com\/index.php?rest_route=\/wp\/v2\/posts"}],"about":[{"href":"https:\/\/www.simonefornara.com\/index.php?rest_route=\/wp\/v2\/types\/post"}],"author":[{"embeddable":true,"href":"https:\/\/www.simonefornara.com\/index.php?rest_route=\/wp\/v2\/users\/1"}],"replies":[{"embeddable":true,"href":"https:\/\/www.simonefornara.com\/index.php?rest_route=%2Fwp%2Fv2%2Fcomments&post=385"}],"version-history":[{"count":4,"href":"https:\/\/www.simonefornara.com\/index.php?rest_route=\/wp\/v2\/posts\/385\/revisions"}],"predecessor-version":[{"id":390,"href":"https:\/\/www.simonefornara.com\/index.php?rest_route=\/wp\/v2\/posts\/385\/revisions\/390"}],"wp:attachment":[{"href":"https:\/\/www.simonefornara.com\/index.php?rest_route=%2Fwp%2Fv2%2Fmedia&parent=385"}],"wp:term":[{"taxonomy":"category","embeddable":true,"href":"https:\/\/www.simonefornara.com\/index.php?rest_route=%2Fwp%2Fv2%2Fcategories&post=385"},{"taxonomy":"post_tag","embeddable":true,"href":"https:\/\/www.simonefornara.com\/index.php?rest_route=%2Fwp%2Fv2%2Ftags&post=385"}],"curies":[{"name":"wp","href":"https:\/\/api.w.org\/{rel}","templated":true}]}}