{"id":1470,"date":"2025-02-17T08:28:00","date_gmt":"2025-02-17T07:28:00","guid":{"rendered":"https:\/\/www.simonefornara.com\/?p=1470"},"modified":"2025-06-15T08:34:46","modified_gmt":"2025-06-15T06:34:46","slug":"lerrore-per-fortuna-che-ce","status":"publish","type":"post","link":"https:\/\/www.simonefornara.com\/?p=1470","title":{"rendered":"L&#8217;errore: per fortuna che c&#8217;\u00e8"},"content":{"rendered":"\n<div class=\"wp-block-image\"><figure class=\"alignleft size-large is-resized\"><img loading=\"lazy\" src=\"https:\/\/www.simonefornara.com\/wp-content\/uploads\/2024\/11\/2024_lincei-1024x368.png\" alt=\"\" class=\"wp-image-1378\" width=\"319\" height=\"114\" srcset=\"https:\/\/www.simonefornara.com\/wp-content\/uploads\/2024\/11\/2024_lincei-1024x368.png 1024w, https:\/\/www.simonefornara.com\/wp-content\/uploads\/2024\/11\/2024_lincei-300x108.png 300w, https:\/\/www.simonefornara.com\/wp-content\/uploads\/2024\/11\/2024_lincei-768x276.png 768w, https:\/\/www.simonefornara.com\/wp-content\/uploads\/2024\/11\/2024_lincei-600x216.png 600w, https:\/\/www.simonefornara.com\/wp-content\/uploads\/2024\/11\/2024_lincei-1536x552.png 1536w, https:\/\/www.simonefornara.com\/wp-content\/uploads\/2024\/11\/2024_lincei.png 1653w\" sizes=\"(max-width: 319px) 100vw, 319px\" \/><\/figure><\/div>\n\n\n\n<p>Anche nel 2025 \u00e8 proseguita l\u2019ormai consolidata collaborazione con il polo di Roma della Fondazione \u201cI Lincei per la scuola\u201d, coordinato da Giuseppe Patota. Nell\u2019ambito del corso di aggiornamento 2024\/25 <em>Questioni di lingua e di scuola<\/em>, il 17.02.2025 Simone Fornara ha animato un webinar rivolto a insegnanti di diversi ordini scolastici, intitolato <em>Per fortuna che c&#8217;\u00e8. L&#8217;errore nella scrittura a scuola<\/em>. <\/p>\n\n\n\n<p>L&#8217;intervento \u00e8 stato l\u2019occasione per descrivere alcune pratiche didattiche messe a punto nel corso degli ultimi anni nei corsi e nei progetti del Dipartimento formazione e apprendimento della SUPSI, in particolare legati alla formazione di base e continua Bachelor. Il tema dell&#8217;errore, con la sua rivalutazione in ambito scolastico e, pi\u00f9 in generale, educativo, \u00e8 di grande attualit\u00e0, e merita particolare attenzione, per scardinare la visione negativa che tradizionalmente \u00e8 associata a esso, a scuola e nella vita. <\/p>\n","protected":false},"excerpt":{"rendered":"<p>Anche nel 2025 \u00e8 proseguita l\u2019ormai consolidata collaborazione con il polo di Roma della Fondazione \u201cI Lincei per la scuola\u201d, coordinato da Giuseppe Patota. Nell\u2019ambito del corso di aggiornamento 2024\/25 Questioni di lingua e di scuola, il 17.02.2025 Simone Fornara ha animato un webinar rivolto a insegnanti di diversi ordini scolastici, intitolato Per fortuna che &hellip; <a href=\"https:\/\/www.simonefornara.com\/?p=1470\" class=\"more-link\">Continua la lettura di <span class=\"screen-reader-text\">L&#8217;errore: per fortuna che c&#8217;\u00e8<\/span> <span class=\"meta-nav\">&rarr;<\/span><\/a><\/p>\n","protected":false},"author":1,"featured_media":0,"comment_status":"open","ping_status":"closed","sticky":false,"template":"","format":"standard","meta":[],"categories":[181,36],"tags":[341,225,641,288,362,7],"_links":{"self":[{"href":"https:\/\/www.simonefornara.com\/index.php?rest_route=\/wp\/v2\/posts\/1470"}],"collection":[{"href":"https:\/\/www.simonefornara.com\/index.php?rest_route=\/wp\/v2\/posts"}],"about":[{"href":"https:\/\/www.simonefornara.com\/index.php?rest_route=\/wp\/v2\/types\/post"}],"author":[{"embeddable":true,"href":"https:\/\/www.simonefornara.com\/index.php?rest_route=\/wp\/v2\/users\/1"}],"replies":[{"embeddable":true,"href":"https:\/\/www.simonefornara.com\/index.php?rest_route=%2Fwp%2Fv2%2Fcomments&post=1470"}],"version-history":[{"count":1,"href":"https:\/\/www.simonefornara.com\/index.php?rest_route=\/wp\/v2\/posts\/1470\/revisions"}],"predecessor-version":[{"id":1471,"href":"https:\/\/www.simonefornara.com\/index.php?rest_route=\/wp\/v2\/posts\/1470\/revisions\/1471"}],"wp:attachment":[{"href":"https:\/\/www.simonefornara.com\/index.php?rest_route=%2Fwp%2Fv2%2Fmedia&parent=1470"}],"wp:term":[{"taxonomy":"category","embeddable":true,"href":"https:\/\/www.simonefornara.com\/index.php?rest_route=%2Fwp%2Fv2%2Fcategories&post=1470"},{"taxonomy":"post_tag","embeddable":true,"href":"https:\/\/www.simonefornara.com\/index.php?rest_route=%2Fwp%2Fv2%2Ftags&post=1470"}],"curies":[{"name":"wp","href":"https:\/\/api.w.org\/{rel}","templated":true}]}}