{"id":1434,"date":"2024-12-04T17:08:28","date_gmt":"2024-12-04T16:08:28","guid":{"rendered":"https:\/\/www.simonefornara.com\/?p=1434"},"modified":"2024-12-16T18:05:34","modified_gmt":"2024-12-16T17:05:34","slug":"che-impresa-la-creativita","status":"publish","type":"post","link":"https:\/\/www.simonefornara.com\/?p=1434","title":{"rendered":"Che impresa, la creativit\u00e0!"},"content":{"rendered":"\n<div class=\"wp-block-image\"><figure class=\"alignleft size-large is-resized\"><img loading=\"lazy\" src=\"https:\/\/www.simonefornara.com\/wp-content\/uploads\/2024\/12\/9791221815825_cop.jpg\" alt=\"\" class=\"wp-image-1435\" width=\"276\" height=\"389\" srcset=\"https:\/\/www.simonefornara.com\/wp-content\/uploads\/2024\/12\/9791221815825_cop.jpg 643w, https:\/\/www.simonefornara.com\/wp-content\/uploads\/2024\/12\/9791221815825_cop-213x300.jpg 213w, https:\/\/www.simonefornara.com\/wp-content\/uploads\/2024\/12\/9791221815825_cop-600x846.jpg 600w\" sizes=\"(max-width: 276px) 100vw, 276px\" \/><\/figure><\/div>\n\n\n\n<p>\u00c8 da poco disponibile (<a href=\"https:\/\/www.aracneeditrice.eu\/it\/pubblicazioni\/che-impresa-la-creativita-stefania-cerutti-9791221815825.html\" target=\"_blank\" rel=\"noreferrer noopener\">anche in versione pdf scaricabile gratuitamente dal sito della casa editrice<\/a>) il volume <em>Che impresa, la creativit\u00e0! Geografie e narrazioni di progetti creativi per lo sviluppo di talenti, imprese e territori<\/em>, curato da Stefania Cerutti, pubblicato da Aracne e con una prefazione di Simone Fornara. Il volume raccoglie contenuti, prospettive, suggestioni e fili tematici emersi dal Corso di alta formazione \u201cChe impresa, la creativit\u00e0!\u201d, svoltosi a Omegna nella tarda primavera del 2024.<\/p>\n\n\n\n<p>Nella societ\u00e0 contemporanea, si parla spesso di \u201ccompetenza creativa\u201d, ma non \u00e8 facile capire esattamente di che cosa si tratti, a causa delle sue molteplici sfaccettature. Il volume vorrebbe farsi bussola per un percorso preciso, non certamente l\u2019unico possibile, nel fitto bosco della creativit\u00e0. Capitolo dopo capitolo, presenta geografie, storie, pratiche, modelli e iniziative che esemplificano, chiariscono, regalano spunti, aprono interrogativi. In linea con le molteplici declinazioni della creativit\u00e0, e con l\u2019intento di rifletterne l\u2019ampiezza e l\u2019eterogeneit\u00e0, il testo coniuga parti aventi diverse impostazioni \u2013 metodologica, empirica, divulgativa \u2013 valorizzando l\u2019originale talento e l\u2019autonomia creativa di ciascun autore e autrice. A chi legge, quindi, la sorpresa di scoprire i contenuti e la possibilit\u00e0 di addentrarsi pagina per pagina in questo mondo \u201cfantastico\u201d, dedicandogli un pensiero rodariano: \u00abAndr\u00e0 lontano? Far\u00e0 fortuna? Raddrizzer\u00e0 tutte le cose storte di questo mondo? Noi non lo sappiamo [\u2026] Possiamo solo augurargli, di tutto cuore: \u201cBuon viaggio!\u201d\u00bb.<\/p>\n\n\n\n<p>Il volume \u00e8 stato presentato al Forum di Omegna sabato 14 dicembre 2024 alle ore 11.<\/p>\n","protected":false},"excerpt":{"rendered":"<p>\u00c8 da poco disponibile (anche in versione pdf scaricabile gratuitamente dal sito della casa editrice) il volume Che impresa, la creativit\u00e0! Geografie e narrazioni di progetti creativi per lo sviluppo di talenti, imprese e territori, curato da Stefania Cerutti, pubblicato da Aracne e con una prefazione di Simone Fornara. Il volume raccoglie contenuti, prospettive, suggestioni &hellip; <a href=\"https:\/\/www.simonefornara.com\/?p=1434\" class=\"more-link\">Continua la lettura di <span class=\"screen-reader-text\">Che impresa, la creativit\u00e0!<\/span> <span class=\"meta-nav\">&rarr;<\/span><\/a><\/p>\n","protected":false},"author":1,"featured_media":0,"comment_status":"open","ping_status":"closed","sticky":false,"template":"","format":"standard","meta":[],"categories":[181,2],"tags":[263,637,565,7,638],"_links":{"self":[{"href":"https:\/\/www.simonefornara.com\/index.php?rest_route=\/wp\/v2\/posts\/1434"}],"collection":[{"href":"https:\/\/www.simonefornara.com\/index.php?rest_route=\/wp\/v2\/posts"}],"about":[{"href":"https:\/\/www.simonefornara.com\/index.php?rest_route=\/wp\/v2\/types\/post"}],"author":[{"embeddable":true,"href":"https:\/\/www.simonefornara.com\/index.php?rest_route=\/wp\/v2\/users\/1"}],"replies":[{"embeddable":true,"href":"https:\/\/www.simonefornara.com\/index.php?rest_route=%2Fwp%2Fv2%2Fcomments&post=1434"}],"version-history":[{"count":4,"href":"https:\/\/www.simonefornara.com\/index.php?rest_route=\/wp\/v2\/posts\/1434\/revisions"}],"predecessor-version":[{"id":1446,"href":"https:\/\/www.simonefornara.com\/index.php?rest_route=\/wp\/v2\/posts\/1434\/revisions\/1446"}],"wp:attachment":[{"href":"https:\/\/www.simonefornara.com\/index.php?rest_route=%2Fwp%2Fv2%2Fmedia&parent=1434"}],"wp:term":[{"taxonomy":"category","embeddable":true,"href":"https:\/\/www.simonefornara.com\/index.php?rest_route=%2Fwp%2Fv2%2Fcategories&post=1434"},{"taxonomy":"post_tag","embeddable":true,"href":"https:\/\/www.simonefornara.com\/index.php?rest_route=%2Fwp%2Fv2%2Ftags&post=1434"}],"curies":[{"name":"wp","href":"https:\/\/api.w.org\/{rel}","templated":true}]}}