{"id":1428,"date":"2024-11-28T11:22:55","date_gmt":"2024-11-28T10:22:55","guid":{"rendered":"https:\/\/www.simonefornara.com\/?p=1428"},"modified":"2024-11-28T11:22:57","modified_gmt":"2024-11-28T10:22:57","slug":"convegno-asli-scuola-a-napoli","status":"publish","type":"post","link":"https:\/\/www.simonefornara.com\/?p=1428","title":{"rendered":"COnvegno ASLI Scuola a Napoli"},"content":{"rendered":"\n<div class=\"wp-block-image\"><figure class=\"alignleft size-large is-resized\"><img loading=\"lazy\" src=\"https:\/\/www.simonefornara.com\/wp-content\/uploads\/2024\/11\/2024_asli_scuola-660x1024.png\" alt=\"\" class=\"wp-image-1430\" width=\"263\" height=\"408\" srcset=\"https:\/\/www.simonefornara.com\/wp-content\/uploads\/2024\/11\/2024_asli_scuola-660x1024.png 660w, https:\/\/www.simonefornara.com\/wp-content\/uploads\/2024\/11\/2024_asli_scuola-193x300.png 193w, https:\/\/www.simonefornara.com\/wp-content\/uploads\/2024\/11\/2024_asli_scuola-768x1191.png 768w, https:\/\/www.simonefornara.com\/wp-content\/uploads\/2024\/11\/2024_asli_scuola-600x930.png 600w, https:\/\/www.simonefornara.com\/wp-content\/uploads\/2024\/11\/2024_asli_scuola.png 970w\" sizes=\"(max-width: 263px) 100vw, 263px\" \/><\/figure><\/div>\n\n\n\n<p>Dal 21 al 23 novembre 2024 si \u00e8 svolto, presso l&#8217;Universit\u00e0 L&#8217;Orientale e l&#8217;Universit\u00e0 Federico II di Napoli, il <a rel=\"noreferrer noopener\" href=\"http:\/\/www.asli-scuola.it\/index.php\/formazione-docenti\/convegni\/v-convegno-asli-scuola\" target=\"_blank\">V Convegno nazionale ASLI Scuola, sul tema <em>Scuola e Uni<\/em><\/a><a href=\"http:\/\/www.asli-scuola.it\/index.php\/formazione-docenti\/convegni\/v-convegno-asli-scuola\" target=\"_blank\" rel=\"noreferrer noopener\"><em>v<\/em><\/a><a rel=\"noreferrer noopener\" href=\"http:\/\/www.asli-scuola.it\/index.php\/formazione-docenti\/convegni\/v-convegno-asli-scuola\" target=\"_blank\"><em>ersit\u00e0 insieme per un&#8217;educazione linguistica efficace.<\/em><\/a><\/p>\n\n\n\n<p>Numerosi i contribuiti che hanno offerto preziose testimonianze del rapporto virtuoso tra ricerca accademica e mondo della scuola. Tra questi si colloca anche la relazione di Silvia Demartini e Simone Fornara, intitolata <em>Tipi testuali e risorse linguistiche. Dalla ricerca alla realizzazione di materiali didattici di riflessione sulla lingua<\/em>, finalizzata a presentare alcuni aspetti centrali del progetto <a rel=\"noreferrer noopener\" href=\"https:\/\/www.sgrammit.ch\/\" target=\"_blank\">Sgrammit<\/a>.<\/p>\n\n\n\n<p><a rel=\"noreferrer noopener\" href=\"https:\/\/www.simonefornara.com\/wp-content\/uploads\/2024\/11\/Programma-ASLI-24-def.pdf\" target=\"_blank\">Cliccando qui \u00e8 possibile scaricare il programma completo del convegno.<\/a><\/p>\n","protected":false},"excerpt":{"rendered":"<p>Dal 21 al 23 novembre 2024 si \u00e8 svolto, presso l&#8217;Universit\u00e0 L&#8217;Orientale e l&#8217;Universit\u00e0 Federico II di Napoli, il V Convegno nazionale ASLI Scuola, sul tema Scuola e Universit\u00e0 insieme per un&#8217;educazione linguistica efficace. Numerosi i contribuiti che hanno offerto preziose testimonianze del rapporto virtuoso tra ricerca accademica e mondo della scuola. Tra questi si &hellip; <a href=\"https:\/\/www.simonefornara.com\/?p=1428\" class=\"more-link\">Continua la lettura di <span class=\"screen-reader-text\">COnvegno ASLI Scuola a Napoli<\/span> <span class=\"meta-nav\">&rarr;<\/span><\/a><\/p>\n","protected":false},"author":1,"featured_media":0,"comment_status":"open","ping_status":"closed","sticky":false,"template":"","format":"standard","meta":[],"categories":[181,36],"tags":[413,479,258,7,635,634],"_links":{"self":[{"href":"https:\/\/www.simonefornara.com\/index.php?rest_route=\/wp\/v2\/posts\/1428"}],"collection":[{"href":"https:\/\/www.simonefornara.com\/index.php?rest_route=\/wp\/v2\/posts"}],"about":[{"href":"https:\/\/www.simonefornara.com\/index.php?rest_route=\/wp\/v2\/types\/post"}],"author":[{"embeddable":true,"href":"https:\/\/www.simonefornara.com\/index.php?rest_route=\/wp\/v2\/users\/1"}],"replies":[{"embeddable":true,"href":"https:\/\/www.simonefornara.com\/index.php?rest_route=%2Fwp%2Fv2%2Fcomments&post=1428"}],"version-history":[{"count":1,"href":"https:\/\/www.simonefornara.com\/index.php?rest_route=\/wp\/v2\/posts\/1428\/revisions"}],"predecessor-version":[{"id":1431,"href":"https:\/\/www.simonefornara.com\/index.php?rest_route=\/wp\/v2\/posts\/1428\/revisions\/1431"}],"wp:attachment":[{"href":"https:\/\/www.simonefornara.com\/index.php?rest_route=%2Fwp%2Fv2%2Fmedia&parent=1428"}],"wp:term":[{"taxonomy":"category","embeddable":true,"href":"https:\/\/www.simonefornara.com\/index.php?rest_route=%2Fwp%2Fv2%2Fcategories&post=1428"},{"taxonomy":"post_tag","embeddable":true,"href":"https:\/\/www.simonefornara.com\/index.php?rest_route=%2Fwp%2Fv2%2Ftags&post=1428"}],"curies":[{"name":"wp","href":"https:\/\/api.w.org\/{rel}","templated":true}]}}