{"id":1345,"date":"2024-01-06T08:49:36","date_gmt":"2024-01-06T07:49:36","guid":{"rendered":"https:\/\/www.simonefornara.com\/?p=1345"},"modified":"2024-01-06T08:49:38","modified_gmt":"2024-01-06T07:49:38","slug":"la-punteggiatura-che-spettacolo","status":"publish","type":"post","link":"https:\/\/www.simonefornara.com\/?p=1345","title":{"rendered":"La punteggiatura, che spettacolo!"},"content":{"rendered":"\n<div class=\"wp-block-image\"><figure class=\"alignleft size-large is-resized\"><a href=\"https:\/\/www.simonefornara.com\/wp-content\/uploads\/2024\/01\/Evento-Locarno-10-gennaio-2024.pdf\" target=\"_blank\" rel=\"noopener\"><img loading=\"lazy\" src=\"https:\/\/www.simonefornara.com\/wp-content\/uploads\/2024\/01\/2024_punteggiatura-722x1024.png\" alt=\"\" class=\"wp-image-1347\" width=\"258\" height=\"366\" srcset=\"https:\/\/www.simonefornara.com\/wp-content\/uploads\/2024\/01\/2024_punteggiatura-722x1024.png 722w, https:\/\/www.simonefornara.com\/wp-content\/uploads\/2024\/01\/2024_punteggiatura-212x300.png 212w, https:\/\/www.simonefornara.com\/wp-content\/uploads\/2024\/01\/2024_punteggiatura-768x1089.png 768w, https:\/\/www.simonefornara.com\/wp-content\/uploads\/2024\/01\/2024_punteggiatura-600x850.png 600w, https:\/\/www.simonefornara.com\/wp-content\/uploads\/2024\/01\/2024_punteggiatura-1084x1536.png 1084w, https:\/\/www.simonefornara.com\/wp-content\/uploads\/2024\/01\/2024_punteggiatura-1445x2048.png 1445w, https:\/\/www.simonefornara.com\/wp-content\/uploads\/2024\/01\/2024_punteggiatura.png 1744w\" sizes=\"(max-width: 258px) 100vw, 258px\" \/><\/a><\/figure><\/div>\n\n\n\n<p>Marcoled\u00ec 10 gennaio 2014, presso il Teatro Kursaal di Locarno, alle ore 17:30, ci sar\u00e0 \u201cLa punteggiatura, che spettacolo! Letture, riflessioni, performance attorno alla punteggiatura\u201d, uno spettacolo organizzato dalla cattedra di Linguistica italiana dell\u2019Universit\u00e0 di Basilea.<\/p>\n\n\n\n<p>L\u2019evento si iscrive nell\u2019ambito di un progetto Agor\u00e0 (Agor\u00e0 \u00e8 un programma finanziato dal Fondo nazionale svizzero che mira a promuovere il dialogo tra scienza e societ\u00e0), che ha posto l\u2019accento proprio sulla punteggiatura e il cui obiettivo risiede nel comunicare e divulgare al di fuori dell\u2019ambito accademico i risultati delle pluriennali ricerche sulla punteggiatura svolte dalla squadra di ricerca basilese.&nbsp;<\/p>\n\n\n\n<p>Per questo progetto, il gruppo di studiosi ha interagito con diverse categorie di professionisti della parola, che in italiano scrivono, lavorano, imparano e si divertono: dai giornalisti della carta stampata e della radio, ai traduttori dei testi ufficiali della Confederazione svizzera, passando per gli insegnanti ticinesi e i loro allievi, gli operatori del web e gli scrittori. Con questi interlocutori sono stati organizzati corsi di formazione, tavole rotonde, concorsi, con l\u2019obiettivo di valorizzare e comunicare l\u2019importanza della punteggiatura nella costruzione dei testi scritti.<\/p>\n\n\n\n<p>Lo spettacolo locarnese metter\u00e0 in scena un insieme di letture e performance sul tema della punteggiatura che non mancheranno di far divertire ma anche riflettere il pubblico in sala. Sul palco ci sar\u00e0, tra gli altri, anche <a rel=\"noreferrer noopener\" href=\"https:\/\/www.supsi.ch\/simone-fornara\" target=\"_blank\">Simone Fornara<\/a>, Responsabile del <a rel=\"noreferrer noopener\" href=\"https:\/\/www.supsi.ch\/dils\" target=\"_blank\">Centro competenze didattica dell\u2019italiano lingua di scolarizzazione (DILS)<\/a> e Professore in Didattica dell\u2019italiano alla SUPSI, che metter\u00e0 in scena un vero e proprio processo alla punteggiatura. L\u2019evento \u00e8 aperto a tutte e a tutti e la partecipazione \u00e8 libera.<\/p>\n\n\n\n<p><a href=\"https:\/\/www.simonefornara.com\/wp-content\/uploads\/2024\/01\/Evento-Locarno-10-gennaio-2024.pdf\" target=\"_blank\" rel=\"noreferrer noopener\">Cliccare qui per scaricare la locandina.<\/a><\/p>\n","protected":false},"excerpt":{"rendered":"<p>Marcoled\u00ec 10 gennaio 2014, presso il Teatro Kursaal di Locarno, alle ore 17:30, ci sar\u00e0 \u201cLa punteggiatura, che spettacolo! Letture, riflessioni, performance attorno alla punteggiatura\u201d, uno spettacolo organizzato dalla cattedra di Linguistica italiana dell\u2019Universit\u00e0 di Basilea. L\u2019evento si iscrive nell\u2019ambito di un progetto Agor\u00e0 (Agor\u00e0 \u00e8 un programma finanziato dal Fondo nazionale svizzero che mira &hellip; <a href=\"https:\/\/www.simonefornara.com\/?p=1345\" class=\"more-link\">Continua la lettura di <span class=\"screen-reader-text\">La punteggiatura, che spettacolo!<\/span> <span class=\"meta-nav\">&rarr;<\/span><\/a><\/p>\n","protected":false},"author":1,"featured_media":0,"comment_status":"open","ping_status":"closed","sticky":false,"template":"","format":"standard","meta":[],"categories":[181],"tags":[261,43,243,606,182,7,42],"_links":{"self":[{"href":"https:\/\/www.simonefornara.com\/index.php?rest_route=\/wp\/v2\/posts\/1345"}],"collection":[{"href":"https:\/\/www.simonefornara.com\/index.php?rest_route=\/wp\/v2\/posts"}],"about":[{"href":"https:\/\/www.simonefornara.com\/index.php?rest_route=\/wp\/v2\/types\/post"}],"author":[{"embeddable":true,"href":"https:\/\/www.simonefornara.com\/index.php?rest_route=\/wp\/v2\/users\/1"}],"replies":[{"embeddable":true,"href":"https:\/\/www.simonefornara.com\/index.php?rest_route=%2Fwp%2Fv2%2Fcomments&post=1345"}],"version-history":[{"count":1,"href":"https:\/\/www.simonefornara.com\/index.php?rest_route=\/wp\/v2\/posts\/1345\/revisions"}],"predecessor-version":[{"id":1348,"href":"https:\/\/www.simonefornara.com\/index.php?rest_route=\/wp\/v2\/posts\/1345\/revisions\/1348"}],"wp:attachment":[{"href":"https:\/\/www.simonefornara.com\/index.php?rest_route=%2Fwp%2Fv2%2Fmedia&parent=1345"}],"wp:term":[{"taxonomy":"category","embeddable":true,"href":"https:\/\/www.simonefornara.com\/index.php?rest_route=%2Fwp%2Fv2%2Fcategories&post=1345"},{"taxonomy":"post_tag","embeddable":true,"href":"https:\/\/www.simonefornara.com\/index.php?rest_route=%2Fwp%2Fv2%2Ftags&post=1345"}],"curies":[{"name":"wp","href":"https:\/\/api.w.org\/{rel}","templated":true}]}}