{"id":1313,"date":"2023-11-10T12:33:09","date_gmt":"2023-11-10T11:33:09","guid":{"rendered":"https:\/\/www.simonefornara.com\/?p=1313"},"modified":"2023-11-10T12:34:07","modified_gmt":"2023-11-10T11:34:07","slug":"il-verbo-in-italiano-a-losanna","status":"publish","type":"post","link":"https:\/\/www.simonefornara.com\/?p=1313","title":{"rendered":"Il verbo in italiano a Losanna"},"content":{"rendered":"\n<div class=\"wp-block-image\"><figure class=\"alignleft size-large is-resized\"><img loading=\"lazy\" src=\"https:\/\/www.simonefornara.com\/wp-content\/uploads\/2023\/11\/2023_losanna-733x1024.png\" alt=\"\" class=\"wp-image-1314\" width=\"290\" height=\"405\" srcset=\"https:\/\/www.simonefornara.com\/wp-content\/uploads\/2023\/11\/2023_losanna-733x1024.png 733w, https:\/\/www.simonefornara.com\/wp-content\/uploads\/2023\/11\/2023_losanna-215x300.png 215w, https:\/\/www.simonefornara.com\/wp-content\/uploads\/2023\/11\/2023_losanna-768x1073.png 768w, https:\/\/www.simonefornara.com\/wp-content\/uploads\/2023\/11\/2023_losanna-600x838.png 600w, https:\/\/www.simonefornara.com\/wp-content\/uploads\/2023\/11\/2023_losanna-1099x1536.png 1099w, https:\/\/www.simonefornara.com\/wp-content\/uploads\/2023\/11\/2023_losanna-1466x2048.png 1466w, https:\/\/www.simonefornara.com\/wp-content\/uploads\/2023\/11\/2023_losanna.png 1772w\" sizes=\"(max-width: 290px) 100vw, 290px\" \/><\/figure><\/div>\n\n\n\n<p>Il 13 e il 14 novembre 2023 si svolger\u00e0, presso l&#8217;Universit\u00e0 di Losanna, il convegno internazionale &#8220;Il verbo in italiano. Morfologia, sintassi, testualit\u00e0&#8221;. Molto ricco il programma, che alterner\u00e0 conferenze plenarie, sessioni parallele e una rassegna di poster.<\/p>\n\n\n\n<p>Simone Fornara e Silvia Demartini parteciperenno a una sessione parallela con la relazione <em>La grammatica valenziale in prospettiva didattica: potenzialit\u00e0 e limiti di una teoria nel percorso di acquisizione del verbo<\/em>, finalizzata a illustrare alcune delle scelte teoriche alla base dei quaderni viola di Sgrammit (prossimi all&#8217;uscita).<\/p>\n\n\n\n<p><a rel=\"noreferrer noopener\" href=\"https:\/\/www.simonefornara.com\/wp-content\/uploads\/2023\/11\/Programma-Convegno-Losanna-13-14-novembre-2023-3.pdf\" target=\"_blank\">Cliccare qui per scaricare il programma.<\/a><\/p>\n","protected":false},"excerpt":{"rendered":"<p>Il 13 e il 14 novembre 2023 si svolger\u00e0, presso l&#8217;Universit\u00e0 di Losanna, il convegno internazionale &#8220;Il verbo in italiano. Morfologia, sintassi, testualit\u00e0&#8221;. Molto ricco il programma, che alterner\u00e0 conferenze plenarie, sessioni parallele e una rassegna di poster. Simone Fornara e Silvia Demartini parteciperenno a una sessione parallela con la relazione La grammatica valenziale in &hellip; <a href=\"https:\/\/www.simonefornara.com\/?p=1313\" class=\"more-link\">Continua la lettura di <span class=\"screen-reader-text\">Il verbo in italiano a Losanna<\/span> <span class=\"meta-nav\">&rarr;<\/span><\/a><\/p>\n","protected":false},"author":1,"featured_media":0,"comment_status":"open","ping_status":"closed","sticky":false,"template":"","format":"standard","meta":[],"categories":[181],"tags":[479,258,7],"_links":{"self":[{"href":"https:\/\/www.simonefornara.com\/index.php?rest_route=\/wp\/v2\/posts\/1313"}],"collection":[{"href":"https:\/\/www.simonefornara.com\/index.php?rest_route=\/wp\/v2\/posts"}],"about":[{"href":"https:\/\/www.simonefornara.com\/index.php?rest_route=\/wp\/v2\/types\/post"}],"author":[{"embeddable":true,"href":"https:\/\/www.simonefornara.com\/index.php?rest_route=\/wp\/v2\/users\/1"}],"replies":[{"embeddable":true,"href":"https:\/\/www.simonefornara.com\/index.php?rest_route=%2Fwp%2Fv2%2Fcomments&post=1313"}],"version-history":[{"count":2,"href":"https:\/\/www.simonefornara.com\/index.php?rest_route=\/wp\/v2\/posts\/1313\/revisions"}],"predecessor-version":[{"id":1317,"href":"https:\/\/www.simonefornara.com\/index.php?rest_route=\/wp\/v2\/posts\/1313\/revisions\/1317"}],"wp:attachment":[{"href":"https:\/\/www.simonefornara.com\/index.php?rest_route=%2Fwp%2Fv2%2Fmedia&parent=1313"}],"wp:term":[{"taxonomy":"category","embeddable":true,"href":"https:\/\/www.simonefornara.com\/index.php?rest_route=%2Fwp%2Fv2%2Fcategories&post=1313"},{"taxonomy":"post_tag","embeddable":true,"href":"https:\/\/www.simonefornara.com\/index.php?rest_route=%2Fwp%2Fv2%2Ftags&post=1313"}],"curies":[{"name":"wp","href":"https:\/\/api.w.org\/{rel}","templated":true}]}}