{"id":1211,"date":"2021-11-03T12:47:16","date_gmt":"2021-11-03T11:47:16","guid":{"rendered":"https:\/\/www.simonefornara.com\/?p=1211"},"modified":"2021-11-03T12:47:18","modified_gmt":"2021-11-03T11:47:18","slug":"convegno-giscel-la-scrittura-nel-terzo-millennio","status":"publish","type":"post","link":"https:\/\/www.simonefornara.com\/?p=1211","title":{"rendered":"Convegno GISCEL &#8220;La scrittura nel terzo millennio&#8221;"},"content":{"rendered":"\n<figure class=\"wp-block-image size-large is-resized\"><img loading=\"lazy\" src=\"https:\/\/www.simonefornara.com\/wp-content\/uploads\/2021\/11\/2021_giscel-1024x269.png\" alt=\"\" class=\"wp-image-1212\" width=\"639\" height=\"168\" srcset=\"https:\/\/www.simonefornara.com\/wp-content\/uploads\/2021\/11\/2021_giscel-1024x269.png 1024w, https:\/\/www.simonefornara.com\/wp-content\/uploads\/2021\/11\/2021_giscel-300x79.png 300w, https:\/\/www.simonefornara.com\/wp-content\/uploads\/2021\/11\/2021_giscel-768x202.png 768w, https:\/\/www.simonefornara.com\/wp-content\/uploads\/2021\/11\/2021_giscel-600x158.png 600w, https:\/\/www.simonefornara.com\/wp-content\/uploads\/2021\/11\/2021_giscel.png 1134w\" sizes=\"(max-width: 639px) 100vw, 639px\" \/><\/figure>\n\n\n\n<p>Dopo un paio di rinvii causati dall&#8217;emergenza Covid-19, \u00e8 finalmente arrivato il momento del XXI Convegno nazionale del GISCEL, che si svolger\u00e0 in modalit\u00e0 a distanza dal 18 al 20 novembre 2021 e sar\u00e0 organizzato dal Dipartimento formazione e apprendimento della SUPSI di Locarno.<\/p>\n\n\n\n<p>Il tema \u00e8 di grande attualit\u00e0: &#8220;La scrittura nel terzo millennio&#8221;. Relatori e ospiti si alterneranno per indagare la scrittura da ogni possibile prospettiva, con un&#8217;attenzione costante alla dimensione didattica.<\/p>\n\n\n\n<p>Per saperne di pi\u00f9 e per consultare il programma completo, potete visitare il <a href=\"https:\/\/giscel2020.supsi.ch\/\" target=\"_blank\" rel=\"noreferrer noopener\">sito ufficiale del convegno<\/a>.<\/p>\n\n\n\n<p>L&#8217;iscrizione (gratuita per studenti, studentesse, dottorandi, dottorande e insegnanti di ogni ordine scolastico) \u00e8 obbligatoria e va effettuata entro l&#8217;11 novembre sempre sul <a rel=\"noreferrer noopener\" href=\"https:\/\/giscel2020.supsi.ch\/iscrizioni\/\" target=\"_blank\">sito ufficiale<\/a>.<\/p>\n","protected":false},"excerpt":{"rendered":"<p>Dopo un paio di rinvii causati dall&#8217;emergenza Covid-19, \u00e8 finalmente arrivato il momento del XXI Convegno nazionale del GISCEL, che si svolger\u00e0 in modalit\u00e0 a distanza dal 18 al 20 novembre 2021 e sar\u00e0 organizzato dal Dipartimento formazione e apprendimento della SUPSI di Locarno. Il tema \u00e8 di grande attualit\u00e0: &#8220;La scrittura nel terzo millennio&#8221;. &hellip; <a href=\"https:\/\/www.simonefornara.com\/?p=1211\" class=\"more-link\">Continua la lettura di <span class=\"screen-reader-text\">Convegno GISCEL &#8220;La scrittura nel terzo millennio&#8221;<\/span> <span class=\"meta-nav\">&rarr;<\/span><\/a><\/p>\n","protected":false},"author":1,"featured_media":0,"comment_status":"open","ping_status":"closed","sticky":false,"template":"","format":"standard","meta":[],"categories":[181,36],"tags":[43,341,225,330,10,318,42],"_links":{"self":[{"href":"https:\/\/www.simonefornara.com\/index.php?rest_route=\/wp\/v2\/posts\/1211"}],"collection":[{"href":"https:\/\/www.simonefornara.com\/index.php?rest_route=\/wp\/v2\/posts"}],"about":[{"href":"https:\/\/www.simonefornara.com\/index.php?rest_route=\/wp\/v2\/types\/post"}],"author":[{"embeddable":true,"href":"https:\/\/www.simonefornara.com\/index.php?rest_route=\/wp\/v2\/users\/1"}],"replies":[{"embeddable":true,"href":"https:\/\/www.simonefornara.com\/index.php?rest_route=%2Fwp%2Fv2%2Fcomments&post=1211"}],"version-history":[{"count":1,"href":"https:\/\/www.simonefornara.com\/index.php?rest_route=\/wp\/v2\/posts\/1211\/revisions"}],"predecessor-version":[{"id":1213,"href":"https:\/\/www.simonefornara.com\/index.php?rest_route=\/wp\/v2\/posts\/1211\/revisions\/1213"}],"wp:attachment":[{"href":"https:\/\/www.simonefornara.com\/index.php?rest_route=%2Fwp%2Fv2%2Fmedia&parent=1211"}],"wp:term":[{"taxonomy":"category","embeddable":true,"href":"https:\/\/www.simonefornara.com\/index.php?rest_route=%2Fwp%2Fv2%2Fcategories&post=1211"},{"taxonomy":"post_tag","embeddable":true,"href":"https:\/\/www.simonefornara.com\/index.php?rest_route=%2Fwp%2Fv2%2Ftags&post=1211"}],"curies":[{"name":"wp","href":"https:\/\/api.w.org\/{rel}","templated":true}]}}