{"id":1076,"date":"2021-01-15T12:38:39","date_gmt":"2021-01-15T11:38:39","guid":{"rendered":"http:\/\/www.simonefornara.com\/?p=1076"},"modified":"2021-01-15T12:50:26","modified_gmt":"2021-01-15T11:50:26","slug":"rodari-a-z","status":"publish","type":"post","link":"https:\/\/www.simonefornara.com\/?p=1076","title":{"rendered":"Rodari A-Z"},"content":{"rendered":"\n<div class=\"wp-block-image\"><figure class=\"alignleft size-large is-resized\"><img loading=\"lazy\" src=\"https:\/\/www.simonefornara.com\/wp-content\/uploads\/2021\/01\/rodari-a-z_00.jpg\" alt=\"\" class=\"wp-image-1078\" width=\"318\" height=\"318\" srcset=\"https:\/\/www.simonefornara.com\/wp-content\/uploads\/2021\/01\/rodari-a-z_00.jpg 1024w, https:\/\/www.simonefornara.com\/wp-content\/uploads\/2021\/01\/rodari-a-z_00-300x300.jpg 300w, https:\/\/www.simonefornara.com\/wp-content\/uploads\/2021\/01\/rodari-a-z_00-150x150.jpg 150w, https:\/\/www.simonefornara.com\/wp-content\/uploads\/2021\/01\/rodari-a-z_00-768x768.jpg 768w, https:\/\/www.simonefornara.com\/wp-content\/uploads\/2021\/01\/rodari-a-z_00-600x600.jpg 600w\" sizes=\"(max-width: 318px) 100vw, 318px\" \/><\/figure><\/div>\n\n\n\n<p>A conclusione del centenario della nascita di Gianni Rodari, la casa editrice Electa dedica a uno degli scrittori pi\u00f9 amati del Novecento italiano, il secondo titolo della nuova collana <em>Enciclopedia<\/em>. Una sequenza di voci correlate e indipendenti che, insieme a una biografia illustrata con fotografie, copertine di libri e disegni, restituiscono il profilo e la storia del pi\u00f9 noto inventore di favole e filastrocche senza tempo.<\/p>\n\n\n\n<p><em><a href=\"https:\/\/www.electa.it\/prodotto\/rodari-a-z\/\" target=\"_blank\" rel=\"noreferrer noopener\">Rodari A-Z<\/a> <\/em>\u00e8 un omaggio al suo genio, alla sua infinita generosit\u00e0, alla sua grande umanit\u00e0 nella vita e nella scrittura. Composto da 84 voci scritte da 56 autori, il volume, lungi dalla pretesa di scandagliare tutto il \u2018sapere Rodari\u2019, ambisce a mostrare &#8220;quanto il mondo (della cultura, della scuola, della politica) sia diventato pi\u00f9 ricco anche grazie alla relazione col meraviglioso Gianni Rodari\u2019\u2019. \u00c8 &#8211; come spiegano i curatori &#8211; un invito ad un cambio di prospettiva: \u201cabbiamo pensato che Rodari non dovesse essere guardato con una lente di ingrandimento ma semmai con un cannocchiale, da lontano\u201d.<\/p>\n\n\n\n<p>Galassia, costellazione, oceano, mondo Rodari: artefici dell\u2019esplorazione sono maestri, professori, pedagogisti, giornalisti, intellettuali ed accademici; ognuno si \u00e8 mosso lungo una rete di coordinate che, intrecciandosi, passano dai suoi personaggi fantastici, ai colleghi e maestri, dal mondo dell\u2019editoria e dell\u2019infanzia, a quello della militanza politica, dai luoghi della vita e del lavoro, alle passioni per i libri e le riviste.<\/p>\n\n\n\n<p>\u201cEcco, a noi sembra che nascano sempre nuovi motivi di interesse e di cose da dire su Gianni Rodari, e che l\u2019oceano Rodari sia attraversabile soltanto insieme, con un lavoro collettivo, polifonico. A Rodari, ne siamo certi, sarebbe piaciuto\u201d (Pino Boero e Vanessa Roghi).<\/p>\n\n\n\n<p>Nel volume \u00e8 presente anche la voce <em>Fiabe<\/em> scritta da Simone Fornara.<\/p>\n\n\n\n<p><a rel=\"noreferrer noopener\" href=\"https:\/\/www.simonefornara.com\/wp-content\/uploads\/2021\/01\/Rodari_-scheda-volume-11_12_2020-2.pdf\" target=\"_blank\">Cliccare qui per la scheda completa del volume.<\/a><\/p>\n\n\n\n<p><strong>Recensioni e segnalazioni:<\/strong><\/p>\n\n\n\n<ul><li><a rel=\"noreferrer noopener\" href=\"http:\/\/bancadati.datavideo.it\/media\/20210105\/20210105-RADIO_POPOLARE-RADIO_POPOLARE_1200-124853438m.mp4\" target=\"_blank\">Radio Popolare (12.01.2021);<\/a><\/li><li><a rel=\"noreferrer noopener\" href=\"http:\/\/bancadati.datavideo.it\/media\/20210112\/20210112-RADIO_TRE-FAHRENHEIT_1500-170202371m.mp4\" target=\"_blank\">Radio Tre Fahreneit (12.01.2021).<\/a><\/li><\/ul>\n\n\n\n<p><\/p>\n\n\n\n<p><\/p>\n","protected":false},"excerpt":{"rendered":"<p>A conclusione del centenario della nascita di Gianni Rodari, la casa editrice Electa dedica a uno degli scrittori pi\u00f9 amati del Novecento italiano, il secondo titolo della nuova collana Enciclopedia. Una sequenza di voci correlate e indipendenti che, insieme a una biografia illustrata con fotografie, copertine di libri e disegni, restituiscono il profilo e la &hellip; <a href=\"https:\/\/www.simonefornara.com\/?p=1076\" class=\"more-link\">Continua la lettura di <span class=\"screen-reader-text\">Rodari A-Z<\/span> <span class=\"meta-nav\">&rarr;<\/span><\/a><\/p>\n","protected":false},"author":1,"featured_media":0,"comment_status":"open","ping_status":"closed","sticky":false,"template":"","format":"standard","meta":[],"categories":[20,2],"tags":[549,140,503,548,7,546],"_links":{"self":[{"href":"https:\/\/www.simonefornara.com\/index.php?rest_route=\/wp\/v2\/posts\/1076"}],"collection":[{"href":"https:\/\/www.simonefornara.com\/index.php?rest_route=\/wp\/v2\/posts"}],"about":[{"href":"https:\/\/www.simonefornara.com\/index.php?rest_route=\/wp\/v2\/types\/post"}],"author":[{"embeddable":true,"href":"https:\/\/www.simonefornara.com\/index.php?rest_route=\/wp\/v2\/users\/1"}],"replies":[{"embeddable":true,"href":"https:\/\/www.simonefornara.com\/index.php?rest_route=%2Fwp%2Fv2%2Fcomments&post=1076"}],"version-history":[{"count":3,"href":"https:\/\/www.simonefornara.com\/index.php?rest_route=\/wp\/v2\/posts\/1076\/revisions"}],"predecessor-version":[{"id":1081,"href":"https:\/\/www.simonefornara.com\/index.php?rest_route=\/wp\/v2\/posts\/1076\/revisions\/1081"}],"wp:attachment":[{"href":"https:\/\/www.simonefornara.com\/index.php?rest_route=%2Fwp%2Fv2%2Fmedia&parent=1076"}],"wp:term":[{"taxonomy":"category","embeddable":true,"href":"https:\/\/www.simonefornara.com\/index.php?rest_route=%2Fwp%2Fv2%2Fcategories&post=1076"},{"taxonomy":"post_tag","embeddable":true,"href":"https:\/\/www.simonefornara.com\/index.php?rest_route=%2Fwp%2Fv2%2Ftags&post=1076"}],"curies":[{"name":"wp","href":"https:\/\/api.w.org\/{rel}","templated":true}]}}